{"id":213324,"date":"2026-09-01T10:18:31","date_gmt":"2026-09-01T13:18:31","guid":{"rendered":"https:\/\/cdnoticias.com\/?p=213324"},"modified":"2026-09-01T10:18:33","modified_gmt":"2026-09-01T13:18:33","slug":"el-gobierno-nacional-habilito-otro-aumento-de-gas-pero-con-mas-subsidios","status":"publish","type":"post","link":"https:\/\/cdnoticias.com\/index.php\/2026\/09\/01\/el-gobierno-nacional-habilito-otro-aumento-de-gas-pero-con-mas-subsidios\/","title":{"rendered":"El Gobierno nacional habilit\u00f3 otro aumento de gas, pero con m\u00e1s subsidios"},"content":{"rendered":"<p>La suba de gas natural llega a 1,40% e impactar\u00e1 en todo el pa\u00eds. Se aplica una \u201cbonificaci\u00f3n extraordinaria\u201d.<\/p>\n\n\n<hr class=\"wp-block-separator has-alpha-channel-opacity\"\/>\n\n\n\n<!--more-->\n\n\n\n<p><strong>El Gobierno de Javier Milei<\/strong> dispuso <strong>aumentos en las tarifas energ\u00e9ticas<\/strong>. Por un lado, se dict\u00f3 suba para el gas natural y, por otro, para la electricidad en el AMBA.<\/p>\n\n\n\n<p><\/p>\n\n\n\n<p>Las medidas surgen de los <strong>cuadros tarifarios publicados por el Ente Nacional Regulador del Gas y la Electricidad (ENReGE)<\/strong>, con informaci\u00f3n de la Secretar\u00eda de Energ\u00eda de la Naci\u00f3n.<\/p>\n\n\n\n<p><\/p>\n\n\n\n<blockquote class=\"wp-block-quote is-layout-flow wp-block-quote-is-layout-flow\">\n<p>En el caso de gas, se decret\u00f3 un ajuste del 1,40% e impactar\u00e1 en todo el pa\u00eds. De esta manera, los usuarios de la distribuidora Camuzzi, Olavarr\u00eda incluida, est\u00e1n alcanzados por lo dispuesto.<\/p>\n<\/blockquote>\n\n\n\n<p><\/p>\n\n\n\n<p>Para este servicio, <strong>la bonificaci\u00f3n extraordinaria se ubica en 24,5%<\/strong>. Seg\u00fan el texto oficial, ese nivel hace que la <strong>bonificaci\u00f3n total alcance el 74,5%<\/strong>.<\/p>\n\n\n\n<p><\/p>\n\n\n\n<p>Cabe recordar que para los<strong> usuarios de electricidad del interior de la provincia<\/strong>, entre ellos los de Olavarr\u00eda, la <strong>Gobernaci\u00f3n de Axel Kicillof decret\u00f3 <\/strong><a href=\"https:\/\/cdnoticias.com\/index.php\/2026\/08\/31\/la-provincia-aprobo-una-suba-de-hasta-24-en-la-tarifa-de-luz-desde-septiembre\/\" target=\"_blank\" rel=\"noreferrer noopener\"><strong>suba de hasta 2,4% <\/strong>en la tarifa de luz para este mes<\/a>.<\/p>\n\n\n\n<p><\/p>\n\n\n\n<p>Fuente: <em>con informaci\u00f3n de Agencia DIB<\/em><\/p>\n\n\n\n<p><\/p>\n\n\n\n<figure class=\"wp-block-embed is-type-wp-embed is-provider-central-de-noticias-olavarr-a wp-block-embed-central-de-noticias-olavarr-a\"><div class=\"wp-block-embed__wrapper\">\n<blockquote class=\"wp-embedded-content\" data-secret=\"wQ6O7MKJca\"><a href=\"https:\/\/cdnoticias.com\/index.php\/2026\/08\/31\/la-provincia-aprobo-una-suba-de-hasta-24-en-la-tarifa-de-luz-desde-septiembre\/\">La Provincia aprob\u00f3 una suba de hasta 2,4% en la tarifa de luz desde septiembre<\/a><\/blockquote><iframe loading=\"lazy\" class=\"wp-embedded-content\" sandbox=\"allow-scripts\" security=\"restricted\" style=\"position: absolute; visibility: hidden;\" title=\"&#8220;La Provincia aprob\u00f3 una suba de hasta 2,4% en la tarifa de luz desde septiembre&#8221; &#8212; Central de Noticias | Olavarr\u00eda\" src=\"https:\/\/cdnoticias.com\/index.php\/2026\/08\/31\/la-provincia-aprobo-una-suba-de-hasta-24-en-la-tarifa-de-luz-desde-septiembre\/embed\/#?secret=bV1nCnvXqh#?secret=wQ6O7MKJca\" data-secret=\"wQ6O7MKJca\" width=\"600\" height=\"338\" frameborder=\"0\" marginwidth=\"0\" marginheight=\"0\" scrolling=\"no\"><\/iframe>\n<\/div><\/figure>\n","protected":false},"excerpt":{"rendered":"<p>La suba de gas natural llega a 1,40% e impactar\u00e1 en todo el pa\u00eds. Se aplica una \u201cbonificaci\u00f3n extraordinaria\u201d.<\/p>\n","protected":false},"author":4,"featured_media":209921,"comment_status":"closed","ping_status":"closed","sticky":false,"template":"","format":"standard","meta":{"_jetpack_memberships_contains_paid_content":false,"footnotes":""},"categories":[7,6],"tags":[],"class_list":["post-213324","post","type-post","status-publish","format-standard","has-post-thumbnail","hentry","category-central","category-nacionales"],"jetpack_featured_media_url":"https:\/\/i0.wp.com\/cdnoticias.com\/wp-content\/uploads\/2026\/07\/camuzzi-gas-pampeana-olavarria-03.jpg?fit=1000%2C556&ssl=1","jetpack_sharing_enabled":true,"_links":{"self":[{"href":"https:\/\/cdnoticias.com\/index.php\/wp-json\/wp\/v2\/posts\/213324","targetHints":{"allow":["GET"]}}],"collection":[{"href":"https:\/\/cdnoticias.com\/index.php\/wp-json\/wp\/v2\/posts"}],"about":[{"href":"https:\/\/cdnoticias.com\/index.php\/wp-json\/wp\/v2\/types\/post"}],"author":[{"embeddable":true,"href":"https:\/\/cdnoticias.com\/index.php\/wp-json\/wp\/v2\/users\/4"}],"replies":[{"embeddable":true,"href":"https:\/\/cdnoticias.com\/index.php\/wp-json\/wp\/v2\/comments?post=213324"}],"version-history":[{"count":1,"href":"https:\/\/cdnoticias.com\/index.php\/wp-json\/wp\/v2\/posts\/213324\/revisions"}],"predecessor-version":[{"id":213325,"href":"https:\/\/cdnoticias.com\/index.php\/wp-json\/wp\/v2\/posts\/213324\/revisions\/213325"}],"wp:featuredmedia":[{"embeddable":true,"href":"https:\/\/cdnoticias.com\/index.php\/wp-json\/wp\/v2\/media\/209921"}],"wp:attachment":[{"href":"https:\/\/cdnoticias.com\/index.php\/wp-json\/wp\/v2\/media?parent=213324"}],"wp:term":[{"taxonomy":"category","embeddable":true,"href":"https:\/\/cdnoticias.com\/index.php\/wp-json\/wp\/v2\/categories?post=213324"},{"taxonomy":"post_tag","embeddable":true,"href":"https:\/\/cdnoticias.com\/index.php\/wp-json\/wp\/v2\/tags?post=213324"}],"curies":[{"name":"wp","href":"https:\/\/api.w.org\/{rel}","templated":true}]}}