{"id":213320,"date":"2026-09-01T09:10:05","date_gmt":"2026-09-01T12:10:05","guid":{"rendered":"https:\/\/cdnoticias.com\/?p=213320"},"modified":"2026-09-01T10:19:18","modified_gmt":"2026-09-01T13:19:18","slug":"un-joven-y-un-adolescente-fueron-atrapados-cuando-robaban-en-el-deposito-judicial","status":"publish","type":"post","link":"https:\/\/cdnoticias.com\/index.php\/2026\/09\/01\/un-joven-y-un-adolescente-fueron-atrapados-cuando-robaban-en-el-deposito-judicial\/","title":{"rendered":"Un joven y un adolescente fueron atrapados cuando robaban en el Dep\u00f3sito Judicial"},"content":{"rendered":"<p>Los acusados tienen 21 y 12 a\u00f1os. Quedaron arrestados cuando sal\u00edan del predio y llevaban elementos sustra\u00eddos. Rompieron el pared\u00f3n de cemento para ingresar.<\/p>\n\n\n<hr class=\"wp-block-separator has-alpha-channel-opacity\"\/>\n\n\n\n<!--more-->\n\n\n\n<p><strong>Este lunes dos j\u00f3venes fueron aprehendidos<\/strong> tras ser sorprendidos mientras <strong>sustra\u00edan elementos del dep\u00f3sito Judicial de Olavarr\u00eda<\/strong>. Los acusados, uno de ellos menor de edad, se domicilian a pocas cuadras del predio donde cometieron el delito.<\/p>\n\n\n\n<p><\/p>\n\n\n\n<p>Personal policial fue <strong>alertado por el sistema de Monitoreo Municipal<\/strong> sobre el il\u00edcito con lo que los efectivos se presentaron en el sector de <strong>calle 118 y Amparo Castro.<\/strong><\/p>\n\n\n\n<p><\/p>\n\n\n\n<blockquote class=\"wp-block-quote is-layout-flow wp-block-quote-is-layout-flow\">\n<p>Al arribar al lugar, los efectivos de Polic\u00eda Local lograron aprehender a un hombre de 21 a\u00f1os y a un adolescente de 12 a\u00f1os, quienes sal\u00edan del dep\u00f3sito luego de romper un cerco perimetral de cemento. En su poder llevaban una caja con herramientas varias y un amortiguador de motocicleta.<\/p>\n<\/blockquote>\n\n\n\n<p><\/p>\n\n\n\n<p>Tras las actuaciones correspondientes, <strong>el adolescente fue entregado a su progenitor,<\/strong> mientras que respecto del <strong>mayor de edad la Fiscal\u00eda dispuso su libertad<\/strong>. Las actuaciones fueron giradas a la Comisar\u00eda Primera.<\/p>\n\n\n\n<p><\/p>\n\n\n\n<p>La causa fue caratulada<strong> \u201crobo infraganti delito\u201d<\/strong>, con intervenci\u00f3n de la <strong>UFI 17<\/strong> del Fuero de Responsabilidad Penal Juvenil a cargo de la Dra. Mariela Viceconte.<\/p>\n\n\n\n<p><\/p>\n","protected":false},"excerpt":{"rendered":"<p>Los acusados tienen 21 y 12 a\u00f1os. Quedaron arrestados cuando sal\u00edan del predio y llevaban elementos sustra\u00eddos. Rompieron el pared\u00f3n<\/p>\n","protected":false},"author":4,"featured_media":213321,"comment_status":"closed","ping_status":"closed","sticky":false,"template":"","format":"standard","meta":{"_jetpack_memberships_contains_paid_content":false,"footnotes":""},"categories":[14,1],"tags":[],"class_list":["post-213320","post","type-post","status-publish","format-standard","has-post-thumbnail","hentry","category-policiales","category-portada"],"jetpack_featured_media_url":"https:\/\/i0.wp.com\/cdnoticias.com\/wp-content\/uploads\/2026\/09\/robo-deposito-judicial-00.jpg?fit=1000%2C664&ssl=1","jetpack_sharing_enabled":true,"_links":{"self":[{"href":"https:\/\/cdnoticias.com\/index.php\/wp-json\/wp\/v2\/posts\/213320","targetHints":{"allow":["GET"]}}],"collection":[{"href":"https:\/\/cdnoticias.com\/index.php\/wp-json\/wp\/v2\/posts"}],"about":[{"href":"https:\/\/cdnoticias.com\/index.php\/wp-json\/wp\/v2\/types\/post"}],"author":[{"embeddable":true,"href":"https:\/\/cdnoticias.com\/index.php\/wp-json\/wp\/v2\/users\/4"}],"replies":[{"embeddable":true,"href":"https:\/\/cdnoticias.com\/index.php\/wp-json\/wp\/v2\/comments?post=213320"}],"version-history":[{"count":1,"href":"https:\/\/cdnoticias.com\/index.php\/wp-json\/wp\/v2\/posts\/213320\/revisions"}],"predecessor-version":[{"id":213322,"href":"https:\/\/cdnoticias.com\/index.php\/wp-json\/wp\/v2\/posts\/213320\/revisions\/213322"}],"wp:featuredmedia":[{"embeddable":true,"href":"https:\/\/cdnoticias.com\/index.php\/wp-json\/wp\/v2\/media\/213321"}],"wp:attachment":[{"href":"https:\/\/cdnoticias.com\/index.php\/wp-json\/wp\/v2\/media?parent=213320"}],"wp:term":[{"taxonomy":"category","embeddable":true,"href":"https:\/\/cdnoticias.com\/index.php\/wp-json\/wp\/v2\/categories?post=213320"},{"taxonomy":"post_tag","embeddable":true,"href":"https:\/\/cdnoticias.com\/index.php\/wp-json\/wp\/v2\/tags?post=213320"}],"curies":[{"name":"wp","href":"https:\/\/api.w.org\/{rel}","templated":true}]}}