{"id":21332,"date":"2021-05-12T20:29:48","date_gmt":"2021-05-12T23:29:48","guid":{"rendered":"http:\/\/www.centraldenoticias.com.ar\/?p=21332"},"modified":"2021-05-12T20:29:48","modified_gmt":"2021-05-12T23:29:48","slug":"miercoles-record-se-aplicaron-1119-dosis-contra-el-coronavirus","status":"publish","type":"post","link":"https:\/\/cdnoticias.com\/index.php\/2021\/05\/12\/miercoles-record-se-aplicaron-1119-dosis-contra-el-coronavirus\/","title":{"rendered":"Mi\u00e9rcoles r\u00e9cord: se aplicaron 1119 dosis contra el coronavirus"},"content":{"rendered":"<p>As\u00ed fue detallado desde Regi\u00f3n Sanitaria IX. M\u00e1s de 800 olavarrienses completaron su inmunizaci\u00f3n, al recibir el segundo componente.<!--more--><\/p>\n<hr \/>\n<p>Avanza a paso firme en Olavarr\u00eda el plan provincial de vacunaci\u00f3n contra el coronavirus, al punto que <strong>este mi\u00e9rcoles se registr\u00f3 una cifra r\u00e9cord en cuanto a la cantidad de aplicaciones diarias.<\/strong><\/p>\n<p>&nbsp;<\/p>\n<p><img data-recalc-dims=\"1\" loading=\"lazy\" decoding=\"async\" class=\"alignnone size-large wp-image-21243\" src=\"https:\/\/i0.wp.com\/cdnoticias.com\/wp-content\/uploads\/2021\/05\/WhatsApp-Image-2021-05-11-at-19.56.08.jpeg?resize=800%2C517&#038;ssl=1\" alt=\"\" width=\"800\" height=\"517\" srcset=\"https:\/\/i0.wp.com\/cdnoticias.com\/wp-content\/uploads\/2021\/05\/WhatsApp-Image-2021-05-11-at-19.56.08.jpeg?resize=1024%2C662&amp;ssl=1 1024w, https:\/\/i0.wp.com\/cdnoticias.com\/wp-content\/uploads\/2021\/05\/WhatsApp-Image-2021-05-11-at-19.56.08.jpeg?resize=300%2C194&amp;ssl=1 300w, https:\/\/i0.wp.com\/cdnoticias.com\/wp-content\/uploads\/2021\/05\/WhatsApp-Image-2021-05-11-at-19.56.08.jpeg?resize=768%2C497&amp;ssl=1 768w, https:\/\/i0.wp.com\/cdnoticias.com\/wp-content\/uploads\/2021\/05\/WhatsApp-Image-2021-05-11-at-19.56.08.jpeg?w=1280&amp;ssl=1 1280w\" sizes=\"auto, (max-width: 800px) 100vw, 800px\" \/><\/p>\n<p>&nbsp;<\/p>\n<p>De acuerdo con lo que se detall\u00f3, fueron <strong>1119 las dosis aplicadas<\/strong> gracias a la tarea conjunta en los cuatro centros de vacunaci\u00f3n con los que cuenta nuestra ciudad. Lo m\u00e1s relevante es que <strong>tres cuartas partes de esa cifra correspondieron a olavarrienses que completaron su inmunizaci\u00f3n, al recibir el segundo componente.<\/strong><\/p>\n<p>&nbsp;<\/p>\n<p>El detalle da cuenta que en la <strong>Mutual Carlos Alberto Moreno se aplicaron aplic\u00f3 171 dosis del segundo componente, mientras que el Servicio Territorial Municipal N\u00b02 se aplicaron otros 328 segundos componentes<\/strong>.<\/p>\n<p>&nbsp;<\/p>\n<p><img data-recalc-dims=\"1\" loading=\"lazy\" decoding=\"async\" class=\"alignnone size-large wp-image-21242\" src=\"https:\/\/i0.wp.com\/cdnoticias.com\/wp-content\/uploads\/2021\/05\/WhatsApp-Image-2021-05-11-at-19.55.58.jpeg?resize=800%2C445&#038;ssl=1\" alt=\"\" width=\"800\" height=\"445\" srcset=\"https:\/\/i0.wp.com\/cdnoticias.com\/wp-content\/uploads\/2021\/05\/WhatsApp-Image-2021-05-11-at-19.55.58.jpeg?resize=1024%2C570&amp;ssl=1 1024w, https:\/\/i0.wp.com\/cdnoticias.com\/wp-content\/uploads\/2021\/05\/WhatsApp-Image-2021-05-11-at-19.55.58.jpeg?resize=300%2C167&amp;ssl=1 300w, https:\/\/i0.wp.com\/cdnoticias.com\/wp-content\/uploads\/2021\/05\/WhatsApp-Image-2021-05-11-at-19.55.58.jpeg?resize=768%2C428&amp;ssl=1 768w, https:\/\/i0.wp.com\/cdnoticias.com\/wp-content\/uploads\/2021\/05\/WhatsApp-Image-2021-05-11-at-19.55.58.jpeg?resize=800%2C445&amp;ssl=1 800w, https:\/\/i0.wp.com\/cdnoticias.com\/wp-content\/uploads\/2021\/05\/WhatsApp-Image-2021-05-11-at-19.55.58.jpeg?w=1280&amp;ssl=1 1280w\" sizes=\"auto, (max-width: 800px) 100vw, 800px\" \/><\/p>\n<p>&nbsp;<\/p>\n<p>De manera paralela, en el Sal\u00f3n de Usos M\u00faltiples de la <strong>Facultad de Ciencias de la Salud fueron 348 los olavarrienses que recibieron el segundo componente. Por \u00faltimo, en el Hospital de Oncolog\u00eda se aplicaron 272 primeras dosis<\/strong>.<\/p>\n<p>&nbsp;<\/p>\n<p><strong>La vacunaci\u00f3n es \u00fanicamente por turnos, tanto para primeras como segundas dosis,\u00a0 por lo que se le pide a la comunidad que est\u00e9n atentos a los mensajes con la notificaci\u00f3n del d\u00eda y horario para aplicarse la dosis correspondiente<\/strong>. Todos los interesados en acceder al plan provincial de vacunaci\u00f3n contra el coronavirus, que es p\u00fablico, gratuito y optativo, pueden sacar turno de manera virtual entrando en <a href=\"https:\/\/vacunatepba.gba.gob.ar\/\" target=\"_blank\" rel=\"noopener\">la p\u00e1gina del Programa Vacunate<\/a>\u00a0 o de forma presencial en ANSES, IOMA, PAMI, Ministerio de trabajo, Centro de Documentaci\u00f3n R\u00e1pida, entre otros.<\/p>\n<p>&nbsp;<\/p>\n<p>&nbsp;<\/p>\n","protected":false},"excerpt":{"rendered":"<p>As\u00ed fue detallado desde Regi\u00f3n Sanitaria IX. M\u00e1s de 800 olavarrienses completaron su inmunizaci\u00f3n, al recibir el segundo componente.<\/p>\n","protected":false},"author":3,"featured_media":20619,"comment_status":"closed","ping_status":"closed","sticky":false,"template":"","format":"standard","meta":{"_jetpack_memberships_contains_paid_content":false,"footnotes":""},"categories":[16,1],"tags":[],"class_list":["post-21332","post","type-post","status-publish","format-standard","has-post-thumbnail","hentry","category-covid-19","category-portada"],"jetpack_featured_media_url":"https:\/\/i0.wp.com\/cdnoticias.com\/wp-content\/uploads\/2021\/05\/vacuna-facultad-salud-01.jpg?fit=800%2C445&ssl=1","jetpack_sharing_enabled":true,"_links":{"self":[{"href":"https:\/\/cdnoticias.com\/index.php\/wp-json\/wp\/v2\/posts\/21332","targetHints":{"allow":["GET"]}}],"collection":[{"href":"https:\/\/cdnoticias.com\/index.php\/wp-json\/wp\/v2\/posts"}],"about":[{"href":"https:\/\/cdnoticias.com\/index.php\/wp-json\/wp\/v2\/types\/post"}],"author":[{"embeddable":true,"href":"https:\/\/cdnoticias.com\/index.php\/wp-json\/wp\/v2\/users\/3"}],"replies":[{"embeddable":true,"href":"https:\/\/cdnoticias.com\/index.php\/wp-json\/wp\/v2\/comments?post=21332"}],"version-history":[{"count":0,"href":"https:\/\/cdnoticias.com\/index.php\/wp-json\/wp\/v2\/posts\/21332\/revisions"}],"wp:featuredmedia":[{"embeddable":true,"href":"https:\/\/cdnoticias.com\/index.php\/wp-json\/wp\/v2\/media\/20619"}],"wp:attachment":[{"href":"https:\/\/cdnoticias.com\/index.php\/wp-json\/wp\/v2\/media?parent=21332"}],"wp:term":[{"taxonomy":"category","embeddable":true,"href":"https:\/\/cdnoticias.com\/index.php\/wp-json\/wp\/v2\/categories?post=21332"},{"taxonomy":"post_tag","embeddable":true,"href":"https:\/\/cdnoticias.com\/index.php\/wp-json\/wp\/v2\/tags?post=21332"}],"curies":[{"name":"wp","href":"https:\/\/api.w.org\/{rel}","templated":true}]}}