{"id":213310,"date":"2026-09-01T08:52:22","date_gmt":"2026-09-01T11:52:22","guid":{"rendered":"https:\/\/cdnoticias.com\/?p=213310"},"modified":"2026-09-01T10:48:18","modified_gmt":"2026-09-01T13:48:18","slug":"central-cumple-seis-anos-celebrar-lo-conseguido-y-proyectar-el-porvenir","status":"publish","type":"post","link":"https:\/\/cdnoticias.com\/index.php\/2026\/09\/01\/central-cumple-seis-anos-celebrar-lo-conseguido-y-proyectar-el-porvenir\/","title":{"rendered":"Central cumple seis a\u00f1os: celebrar lo conseguido y proyectar el porvenir"},"content":{"rendered":"\n<p>Un proyecto de cuatro periodistas se transform\u00f3 en una referencia de Olavarr\u00eda y la regi\u00f3n. Con opciones, ampliaciones y el deseo de un mejor periodismo, Central busca crecer en un desafiante contexto.<\/p>\n\n\n\n<hr class=\"wp-block-separator aligncenter has-alpha-channel-opacity\"\/>\n\n\n\n<p>El 1 de septiembre de 2020, con varios informes y una entrevista al ex intendente Ezequiel Galli, <strong>Central de Noticias se presentaba al mundo como una opci\u00f3n period\u00edstica alternativa para aquellos que quer\u00edan informarse sobre Olavarr\u00eda y la regi\u00f3n. Seis a\u00f1os despu\u00e9s,<\/strong> ese deseo es realidad: <strong>Central es una referencia period\u00edstica en la ciudad<\/strong>, pero eso no detiene el trabajo y los sue\u00f1os de apostar por un periodismo de calidad, basado en la honestidad y en el trabajo.<\/p>\n\n\n\n<p><\/p>\n\n\n\n<p>No han sido f\u00e1ciles estos seis a\u00f1os: proyectos que prosperaron, otros que no tanto, personas que se sumaron y otras que partieron. Central cuenta con un staff que podr\u00eda considerarse \u201camplio\u201d para los tiempos que corren: es la forma que encontramos para<strong> poder ofrecer un periodismo de calidad, plural y con el objetivo de ofrecer contenidos de calidad a la altura de una comunidad como la de Olavarr\u00eda.<\/strong><\/p>\n\n\n\n<p><\/p>\n\n\n\n<p>De aquel sue\u00f1o en medio de una pandemia a una realidad en contexto con muchas adversidades: con la llegada de la inteligencia artificial, el redise\u00f1o de medios \u2013basados en contenidos period\u00edsticos y no tanto- y la atomizaci\u00f3n de la informaci\u00f3n (donde pr\u00e1cticamente todo es noticia) <strong>Central sigue la misma l\u00ednea de ofrecer informaci\u00f3n de calidad, proyectando nuevos formatos, nuevas ideas sin torcer la convicci\u00f3n original de la importancia del periodismo y la informaci\u00f3n en la sociedad.<\/strong><\/p>\n\n\n\n<p><\/p>\n\n\n\n<figure class=\"wp-block-image size-full\"><img data-recalc-dims=\"1\" loading=\"lazy\" decoding=\"async\" width=\"800\" height=\"445\" src=\"https:\/\/i0.wp.com\/cdnoticias.com\/wp-content\/uploads\/2026\/09\/central-de-noticias-02.jpg?resize=800%2C445&#038;ssl=1\" alt=\"\" class=\"wp-image-213313\" srcset=\"https:\/\/i0.wp.com\/cdnoticias.com\/wp-content\/uploads\/2026\/09\/central-de-noticias-02.jpg?w=1000&amp;ssl=1 1000w, https:\/\/i0.wp.com\/cdnoticias.com\/wp-content\/uploads\/2026\/09\/central-de-noticias-02.jpg?resize=300%2C167&amp;ssl=1 300w, https:\/\/i0.wp.com\/cdnoticias.com\/wp-content\/uploads\/2026\/09\/central-de-noticias-02.jpg?resize=768%2C427&amp;ssl=1 768w, https:\/\/i0.wp.com\/cdnoticias.com\/wp-content\/uploads\/2026\/09\/central-de-noticias-02.jpg?resize=800%2C445&amp;ssl=1 800w\" sizes=\"auto, (max-width: 800px) 100vw, 800px\" \/><\/figure>\n\n\n\n<p><\/p>\n\n\n\n<p><strong>Seis a\u00f1os despu\u00e9s, el presente nos encuentra en un momento muy desafiante<\/strong>: como a todos los sectores, la crisis econ\u00f3mica golpea en el trabajo diario, no s\u00f3lo en el sector en particular, si no en lo que socialmente observamos. La violencia, los reclamos, las noticias.<\/p>\n\n\n\n<p><\/p>\n\n\n\n<p>Para ello, no tenemos otro camino que<strong> redoblar los esfuerzos, seguir trabajando en la misma l\u00ednea y reflejar \u2013con la mayor honestidad y compromiso posible- lo que la sociedad nos muestra: tiempos dif\u00edciles que hay que sobrellevar.<\/strong><\/p>\n\n\n\n<p><\/p>\n\n\n\n<p>Adem\u00e1s, <strong>apostamos a un periodismo sin violencia, sin agresiones, basados en nuestra labor, nuestra mirada, nuestro punto de partida, con respeto y responsabilidad.<\/strong> Es un momento para repudiar toda agresi\u00f3n hacia el sector, especialmente proferida desde un lugar tan importante como el Estado nacional, mucho m\u00e1s en la figura del presidente.<\/p>\n\n\n\n<p><\/p>\n\n\n\n<p>En lo que respecta a <strong>Central de Noticias, seguimos trabajando gracias al aporte y apoyo de la industria, del campo y el comercio<\/strong>: queremos agradecer a los cientos \u2013afortunadamente han sido cientos- de firmas que decidieron apostar por nuestro portal en estos seis a\u00f1os, a los gremios, a las organizaciones y organismos. Sin su acompa\u00f1amiento esto hubiese sido posible.<\/p>\n\n\n\n<figure class=\"wp-block-image size-full\"><img data-recalc-dims=\"1\" loading=\"lazy\" decoding=\"async\" width=\"800\" height=\"445\" src=\"https:\/\/i0.wp.com\/cdnoticias.com\/wp-content\/uploads\/2026\/09\/central-de-noticias-00.jpg?resize=800%2C445&#038;ssl=1\" alt=\"\" class=\"wp-image-213316\" srcset=\"https:\/\/i0.wp.com\/cdnoticias.com\/wp-content\/uploads\/2026\/09\/central-de-noticias-00.jpg?w=1000&amp;ssl=1 1000w, https:\/\/i0.wp.com\/cdnoticias.com\/wp-content\/uploads\/2026\/09\/central-de-noticias-00.jpg?resize=300%2C167&amp;ssl=1 300w, https:\/\/i0.wp.com\/cdnoticias.com\/wp-content\/uploads\/2026\/09\/central-de-noticias-00.jpg?resize=768%2C427&amp;ssl=1 768w, https:\/\/i0.wp.com\/cdnoticias.com\/wp-content\/uploads\/2026\/09\/central-de-noticias-00.jpg?resize=800%2C445&amp;ssl=1 800w\" sizes=\"auto, (max-width: 800px) 100vw, 800px\" \/><\/figure>\n\n\n\n<p><\/p>\n\n\n\n<p>Y vamos por m\u00e1s: en las v\u00edsperas del D\u00eda de la Industria, <strong>Central presentar\u00e1 nuevamente un especial para mostrar el gran potencial que tiene Olavarr\u00eda en la materia, sumado al di\u00e1logo con sus protagonistas. A su vez, apostamos al \u00e1mbito deportivo para llevarle a cada uno de ustedes lo que pasa en los torneos, en las disciplinas y los clubes. <\/strong>Para ello, fue fundamental la llegada de Malena, hoy referente de la secci\u00f3n.<\/p>\n\n\n\n<p><\/p>\n\n\n\n<p>Como siempre, <strong>queremos agradecer a todos los colegas que a\u00f1o a a\u00f1o nos hacen la tarea m\u00e1s f\u00e1cil, ya sea en portales web, radios, y otros formatos.<\/strong> En lo particular, vaya nuestro saludo a Mario Coppola (titular de FM Sapiens), Jorge Scotton (En L\u00ednea Noticias), Claudia Bilbao (Desayuno con Noticias), Anah\u00ed Lemma (Infoeme), el fot\u00f3grafo Mauricio Latorre, tambi\u00e9n a Andr\u00e9s Arouxet, que junto con decenas de periodistas formamos una red de trabajo en la que la solidaridad y el trabajo compartido ayudan a construir los medios, entre ellos Central.<\/p>\n\n\n\n<p><\/p>\n\n\n\n<p><strong>Y gracias a los miles de olavarrienses y vecinos de la regi\u00f3n que nos eligen todos los d\u00edas. <\/strong>Son miles porque lo vemos, porque nos lo hacen sentir y porque para ello trabajamos. \u00a1Gracias por estos seis a\u00f1os! Vamos por mucho m\u00e1s.<\/p>\n\n\n\n<p><\/p>\n\n\n\n<p><strong><em>El equipo de Central de Noticias. &nbsp;<\/em><\/strong><\/p>\n\n\n\n<p><\/p>\n","protected":false},"excerpt":{"rendered":"<p>Un proyecto de cuatro periodistas se transform\u00f3 en una referencia de Olavarr\u00eda y la regi\u00f3n. Con opciones, ampliaciones y el<\/p>\n","protected":false},"author":2,"featured_media":213315,"comment_status":"closed","ping_status":"closed","sticky":false,"template":"","format":"standard","meta":{"_jetpack_memberships_contains_paid_content":false,"footnotes":""},"categories":[5,1],"tags":[],"class_list":["post-213310","post","type-post","status-publish","format-standard","has-post-thumbnail","hentry","category-informacion-general","category-portada"],"jetpack_featured_media_url":"https:\/\/i0.wp.com\/cdnoticias.com\/wp-content\/uploads\/2026\/09\/central-de-noticias-01.jpg?fit=1000%2C556&ssl=1","jetpack_sharing_enabled":true,"_links":{"self":[{"href":"https:\/\/cdnoticias.com\/index.php\/wp-json\/wp\/v2\/posts\/213310","targetHints":{"allow":["GET"]}}],"collection":[{"href":"https:\/\/cdnoticias.com\/index.php\/wp-json\/wp\/v2\/posts"}],"about":[{"href":"https:\/\/cdnoticias.com\/index.php\/wp-json\/wp\/v2\/types\/post"}],"author":[{"embeddable":true,"href":"https:\/\/cdnoticias.com\/index.php\/wp-json\/wp\/v2\/users\/2"}],"replies":[{"embeddable":true,"href":"https:\/\/cdnoticias.com\/index.php\/wp-json\/wp\/v2\/comments?post=213310"}],"version-history":[{"count":0,"href":"https:\/\/cdnoticias.com\/index.php\/wp-json\/wp\/v2\/posts\/213310\/revisions"}],"wp:featuredmedia":[{"embeddable":true,"href":"https:\/\/cdnoticias.com\/index.php\/wp-json\/wp\/v2\/media\/213315"}],"wp:attachment":[{"href":"https:\/\/cdnoticias.com\/index.php\/wp-json\/wp\/v2\/media?parent=213310"}],"wp:term":[{"taxonomy":"category","embeddable":true,"href":"https:\/\/cdnoticias.com\/index.php\/wp-json\/wp\/v2\/categories?post=213310"},{"taxonomy":"post_tag","embeddable":true,"href":"https:\/\/cdnoticias.com\/index.php\/wp-json\/wp\/v2\/tags?post=213310"}],"curies":[{"name":"wp","href":"https:\/\/api.w.org\/{rel}","templated":true}]}}