{"id":213299,"date":"2026-08-31T18:23:11","date_gmt":"2026-08-31T21:23:11","guid":{"rendered":"https:\/\/cdnoticias.com\/?p=213299"},"modified":"2026-08-31T18:23:12","modified_gmt":"2026-08-31T21:23:12","slug":"elba-haydee-calderon-viuda-de-lazzaron-q-e-p-d","status":"publish","type":"post","link":"https:\/\/cdnoticias.com\/index.php\/2026\/08\/31\/elba-haydee-calderon-viuda-de-lazzaron-q-e-p-d\/","title":{"rendered":"Elba Haydee Calderon viuda de Lazzaron (Q.E.P.D.)"},"content":{"rendered":"\n<p>Falleci\u00f3 en Olavarr\u00eda el d\u00eda 31 de agosto de 2026 a los 84 a\u00f1os.<\/p>\n\n\n\n<p>Sus hijas Marcela, Marcela y Silvana. sus hijos pol\u00edticos ,nietos. familiares y amigos acompa\u00f1an su fallecimiento.<\/p>\n\n\n\n<p>Sus restos fueron velados en Espa\u00f1a 2942, Departamento &#8220;D&#8221;. El velatorio se realiz\u00f3 hoy de 13:30 a 14:30 horas. Responso: Capilla Ardiente.Inhumaci\u00f3n: Cementerio Loma de Paz, lunes 31 de agosto a las 14:30 horas. Servicio adherido a Coopelectric.&nbsp;<\/p>\n\n\n\n<p>Barrio en el que viv\u00eda: Vecina de Loma Negra.<\/p>\n\n\n\n<p>Lugar de nacimiento: Nacida en Laprida.<\/p>\n\n\n\n<p>Actividad que desarrollaba: &nbsp;Jubilada y pensionada.<\/p>\n","protected":false},"excerpt":{"rendered":"<p>Falleci\u00f3 en Olavarr\u00eda el d\u00eda 31 de agosto de 2026 a los 84 a\u00f1os. Sus hijas Marcela, Marcela y Silvana.<\/p>\n","protected":false},"author":6,"featured_media":67646,"comment_status":"closed","ping_status":"closed","sticky":false,"template":"","format":"standard","meta":{"_jetpack_memberships_contains_paid_content":false,"footnotes":""},"categories":[10],"tags":[],"class_list":["post-213299","post","type-post","status-publish","format-standard","has-post-thumbnail","hentry","category-necrologicas"],"jetpack_featured_media_url":"https:\/\/i0.wp.com\/cdnoticias.com\/wp-content\/uploads\/2022\/10\/necrologicas-390-x-240.jpg?fit=390%2C240&ssl=1","jetpack_sharing_enabled":true,"_links":{"self":[{"href":"https:\/\/cdnoticias.com\/index.php\/wp-json\/wp\/v2\/posts\/213299","targetHints":{"allow":["GET"]}}],"collection":[{"href":"https:\/\/cdnoticias.com\/index.php\/wp-json\/wp\/v2\/posts"}],"about":[{"href":"https:\/\/cdnoticias.com\/index.php\/wp-json\/wp\/v2\/types\/post"}],"author":[{"embeddable":true,"href":"https:\/\/cdnoticias.com\/index.php\/wp-json\/wp\/v2\/users\/6"}],"replies":[{"embeddable":true,"href":"https:\/\/cdnoticias.com\/index.php\/wp-json\/wp\/v2\/comments?post=213299"}],"version-history":[{"count":1,"href":"https:\/\/cdnoticias.com\/index.php\/wp-json\/wp\/v2\/posts\/213299\/revisions"}],"predecessor-version":[{"id":213300,"href":"https:\/\/cdnoticias.com\/index.php\/wp-json\/wp\/v2\/posts\/213299\/revisions\/213300"}],"wp:featuredmedia":[{"embeddable":true,"href":"https:\/\/cdnoticias.com\/index.php\/wp-json\/wp\/v2\/media\/67646"}],"wp:attachment":[{"href":"https:\/\/cdnoticias.com\/index.php\/wp-json\/wp\/v2\/media?parent=213299"}],"wp:term":[{"taxonomy":"category","embeddable":true,"href":"https:\/\/cdnoticias.com\/index.php\/wp-json\/wp\/v2\/categories?post=213299"},{"taxonomy":"post_tag","embeddable":true,"href":"https:\/\/cdnoticias.com\/index.php\/wp-json\/wp\/v2\/tags?post=213299"}],"curies":[{"name":"wp","href":"https:\/\/api.w.org\/{rel}","templated":true}]}}