{"id":21328,"date":"2021-05-12T19:40:23","date_gmt":"2021-05-12T22:40:23","guid":{"rendered":"http:\/\/www.centraldenoticias.com.ar\/?p=21328"},"modified":"2021-05-12T19:40:23","modified_gmt":"2021-05-12T22:40:23","slug":"ana-teodora-riciutti-viuda-de-fiorio-coca-q-e-p-d","status":"publish","type":"post","link":"https:\/\/cdnoticias.com\/index.php\/2021\/05\/12\/ana-teodora-riciutti-viuda-de-fiorio-coca-q-e-p-d\/","title":{"rendered":"Ana Teodora Riciutti viuda De Fiorio &#8221;Coca&#8221; (Q.E.P.D.)"},"content":{"rendered":"<p>Falleci\u00f3 en Olavarr\u00eda el d\u00eda 12 de Mayo de 2021 a los 82 a\u00f1os de edad. Sus hijos Cesar Omar, Mirta Araceli y Norma Edith Fiorio, sus nietos Nicol\u00e1s y Mar\u00eda Florencia Ben\u00edtez, su bisnieto Joaqu\u00edn Reyes, su nieto pol\u00edtico Emiliano Reyes, su nuera Elsa Barrera, su yerno Oscar Ben\u00edtez, su cu\u00f1ado Rub\u00e9n Fiorio, sus sobrinos y dem\u00e1s deudos participan su fallecimiento.<\/p>\n<p>&nbsp;<\/p>\n<p>Sus restos ser\u00e1n velados este jueves desde las 12.30 en la sala velatoria de Espa\u00f1a 2942, departamento C, y ser\u00e1n inhumados desde las 14.30 en el cementerio Loma de Paz, previo responso en la Capilla Ardiente. Servicio adherido a Coopelectric.<\/p>\n<p>&nbsp;<\/p>\n<p>Vecina del barrio Villa Floresta. Jubilada.<\/p>\n","protected":false},"excerpt":{"rendered":"<p>Falleci\u00f3 en Olavarr\u00eda el d\u00eda 12 de Mayo de 2021 a los 82 a\u00f1os de edad. Sus hijos Cesar Omar,<\/p>\n","protected":false},"author":3,"featured_media":0,"comment_status":"closed","ping_status":"closed","sticky":false,"template":"","format":"standard","meta":{"_jetpack_memberships_contains_paid_content":false,"footnotes":""},"categories":[10],"tags":[],"class_list":["post-21328","post","type-post","status-publish","format-standard","hentry","category-necrologicas"],"jetpack_featured_media_url":"","jetpack_sharing_enabled":true,"_links":{"self":[{"href":"https:\/\/cdnoticias.com\/index.php\/wp-json\/wp\/v2\/posts\/21328","targetHints":{"allow":["GET"]}}],"collection":[{"href":"https:\/\/cdnoticias.com\/index.php\/wp-json\/wp\/v2\/posts"}],"about":[{"href":"https:\/\/cdnoticias.com\/index.php\/wp-json\/wp\/v2\/types\/post"}],"author":[{"embeddable":true,"href":"https:\/\/cdnoticias.com\/index.php\/wp-json\/wp\/v2\/users\/3"}],"replies":[{"embeddable":true,"href":"https:\/\/cdnoticias.com\/index.php\/wp-json\/wp\/v2\/comments?post=21328"}],"version-history":[{"count":0,"href":"https:\/\/cdnoticias.com\/index.php\/wp-json\/wp\/v2\/posts\/21328\/revisions"}],"wp:attachment":[{"href":"https:\/\/cdnoticias.com\/index.php\/wp-json\/wp\/v2\/media?parent=21328"}],"wp:term":[{"taxonomy":"category","embeddable":true,"href":"https:\/\/cdnoticias.com\/index.php\/wp-json\/wp\/v2\/categories?post=21328"},{"taxonomy":"post_tag","embeddable":true,"href":"https:\/\/cdnoticias.com\/index.php\/wp-json\/wp\/v2\/tags?post=21328"}],"curies":[{"name":"wp","href":"https:\/\/api.w.org\/{rel}","templated":true}]}}