{"id":213277,"date":"2026-09-01T16:30:21","date_gmt":"2026-09-01T19:30:21","guid":{"rendered":"https:\/\/cdnoticias.com\/?p=213277"},"modified":"2026-09-01T16:30:23","modified_gmt":"2026-09-01T19:30:23","slug":"la-tasa-de-suicidios-en-argentina-es-la-mas-alta-de-la-historia-y-advierten-por-una-situacion-grave","status":"publish","type":"post","link":"https:\/\/cdnoticias.com\/index.php\/2026\/09\/01\/la-tasa-de-suicidios-en-argentina-es-la-mas-alta-de-la-historia-y-advierten-por-una-situacion-grave\/","title":{"rendered":"La tasa de suicidios en Argentina es la m\u00e1s alta de la historia y advierten por una situaci\u00f3n grave"},"content":{"rendered":"\n<p>Desde la Asociaci\u00f3n Argentina de Salud Mental reclamaron una respuesta urgente del Estado ante una problem\u00e1tica social y comunitaria, que no es individual.<\/p>\n\n\n\n<hr class=\"wp-block-separator aligncenter has-alpha-channel-opacity\"\/>\n\n\n\n<p>La<strong> Asociaci\u00f3n Argentina de Salud Mental<\/strong> (AASM) <strong>expres\u00f3 su profunda preocupaci\u00f3n ante los alarmantes datos sobre suicidios en el pa\u00eds, <\/strong>que, seg\u00fan informes del Observatorio de Pol\u00edtica Criminal (OPC) y del Ministerio de Salud,<strong> la Argentina registra una tasa de 11,8 suicidios cada 100.000 habitantes, la m\u00e1s alta de la historia.<\/strong><\/p>\n\n\n\n<p><\/p>\n\n\n\n<blockquote class=\"wp-block-quote is-layout-flow wp-block-quote-is-layout-flow\">\n<p>La cifra, adem\u00e1s, supera los decesos producidos por otros hechos violentos y se ubica por encima del promedio mundial estimado por la OMS, configurando una situaci\u00f3n de gravedad sanitaria y social. &#8220;Estas cifras no son solo como un dato estad\u00edstico, ya que constituyen una grave se\u00f1al que exige respuestas urgentes por parte del Estado&#8221;, subray\u00f3 la AASM.<\/p>\n<\/blockquote>\n\n\n\n<p><\/p>\n\n\n\n<p>Los especialistas de la entidad explicaron que <strong>es importante no desconocer que el suicidio &#8220;es un fen\u00f3meno complejo y multicausal&#8221;, <\/strong>por lo que <strong>ser\u00eda irresponsable &#8220;reducirlo a una \u00fanica explicaci\u00f3n o establecer relaciones causales lineales&#8221;<\/strong>. <\/p>\n\n\n\n<p><\/p>\n\n\n\n<blockquote class=\"wp-block-quote is-layout-flow wp-block-quote-is-layout-flow\">\n<p>Asimismo, aseveraron que &#8220;ser\u00eda igualmente irresponsable ignorar las condiciones sociales, econ\u00f3micas, laborales y comunitarias en las que se produce el sufrimiento de las personas&#8221;.<\/p>\n<\/blockquote>\n\n\n\n<p><\/p>\n\n\n\n<p>Desde la AASM enumeraron situaciones que actualmente atraviesa gran parte de la poblaci\u00f3n, que<strong> derivan en problemas de salud mental: mencionaron la p\u00e9rdida del trabajo, la precarizaci\u00f3n laboral, el endeudamiento y las dificultades para sostener la vida cotidiana afectan los v\u00ednculos y las expectativas de futuro.<\/strong><\/p>\n\n\n\n<p><\/p>\n\n\n\n<p><strong><em>&#8220;Preocupa que problemas colectivos sean presentados como responsabilidades exclusivamente individuales. Frente al padecimiento social, la empat\u00eda no puede ser considerada una debilidad: las pol\u00edticas p\u00fablicas deben reconocer el sufrimiento y brindar respuestas antes de que sea demasiado tarde&#8221;,<\/em><\/strong> aseveraron los especialistas.<\/p>\n\n\n\n<p><\/p>\n\n\n\n<p><strong>Condiciones sociales y salud mental<\/strong><\/p>\n\n\n\n<blockquote class=\"wp-block-quote is-layout-flow wp-block-quote-is-layout-flow\">\n<p>La OMS advierte que la pobreza, la desigualdad, la violencia y otras condiciones sociales y econ\u00f3micas afectan la salud mental. &#8220;Frente al aumento de las conductas suicidas, no podemos responder con silencio, indiferencia ni culpabilizaci\u00f3n de las v\u00edctimas&#8221;, apuntaron desde la entidad. <\/p>\n<\/blockquote>\n\n\n\n<p><\/p>\n\n\n\n<p>Y cerraron: &#8220;<strong><em>Desde la AASM reclamamos respuestas urgentes a los problemas de base y pol\u00edticas p\u00fablicas inmediatas de prevenci\u00f3n del suicidio, con presupuesto suficiente, trabajo intersectorial y participaci\u00f3n de la sociedad civil, las universidades, los trabajadores de la salud y las familias&#8221;.<\/em><\/strong><\/p>\n\n\n\n<p><\/p>\n","protected":false},"excerpt":{"rendered":"<p>Desde la Asociaci\u00f3n Argentina de Salud Mental reclamaron una respuesta urgente del Estado ante una problem\u00e1tica social y comunitaria, que<\/p>\n","protected":false},"author":6,"featured_media":213279,"comment_status":"closed","ping_status":"closed","sticky":false,"template":"","format":"standard","meta":{"_jetpack_memberships_contains_paid_content":false,"footnotes":""},"categories":[7,6],"tags":[],"class_list":["post-213277","post","type-post","status-publish","format-standard","has-post-thumbnail","hentry","category-central","category-nacionales"],"jetpack_featured_media_url":"https:\/\/i0.wp.com\/cdnoticias.com\/wp-content\/uploads\/2026\/08\/suicidio1.png?fit=900%2C562&ssl=1","jetpack_sharing_enabled":true,"_links":{"self":[{"href":"https:\/\/cdnoticias.com\/index.php\/wp-json\/wp\/v2\/posts\/213277","targetHints":{"allow":["GET"]}}],"collection":[{"href":"https:\/\/cdnoticias.com\/index.php\/wp-json\/wp\/v2\/posts"}],"about":[{"href":"https:\/\/cdnoticias.com\/index.php\/wp-json\/wp\/v2\/types\/post"}],"author":[{"embeddable":true,"href":"https:\/\/cdnoticias.com\/index.php\/wp-json\/wp\/v2\/users\/6"}],"replies":[{"embeddable":true,"href":"https:\/\/cdnoticias.com\/index.php\/wp-json\/wp\/v2\/comments?post=213277"}],"version-history":[{"count":0,"href":"https:\/\/cdnoticias.com\/index.php\/wp-json\/wp\/v2\/posts\/213277\/revisions"}],"wp:featuredmedia":[{"embeddable":true,"href":"https:\/\/cdnoticias.com\/index.php\/wp-json\/wp\/v2\/media\/213279"}],"wp:attachment":[{"href":"https:\/\/cdnoticias.com\/index.php\/wp-json\/wp\/v2\/media?parent=213277"}],"wp:term":[{"taxonomy":"category","embeddable":true,"href":"https:\/\/cdnoticias.com\/index.php\/wp-json\/wp\/v2\/categories?post=213277"},{"taxonomy":"post_tag","embeddable":true,"href":"https:\/\/cdnoticias.com\/index.php\/wp-json\/wp\/v2\/tags?post=213277"}],"curies":[{"name":"wp","href":"https:\/\/api.w.org\/{rel}","templated":true}]}}