{"id":213272,"date":"2026-08-31T20:30:28","date_gmt":"2026-08-31T23:30:28","guid":{"rendered":"https:\/\/cdnoticias.com\/?p=213272"},"modified":"2026-08-31T20:30:30","modified_gmt":"2026-08-31T23:30:30","slug":"el-concejo-deliberante-de-azul-realizara-su-segunda-sesion-en-ruta-3","status":"publish","type":"post","link":"https:\/\/cdnoticias.com\/index.php\/2026\/08\/31\/el-concejo-deliberante-de-azul-realizara-su-segunda-sesion-en-ruta-3\/","title":{"rendered":"El Concejo Deliberante de Azul realizar\u00e1 su segunda sesi\u00f3n en ruta 3"},"content":{"rendered":"\n<p>La actividad ser\u00e1 el domingo 6 de septiembre a las 14.30, en avenida Piazza y RN3. Luego habr\u00e1 un acto en homenaje a las personas fallecidas en siniestros viales.<\/p>\n\n\n\n<hr class=\"wp-block-separator aligncenter has-alpha-channel-opacity\"\/>\n\n\n\n<p>El <strong>Concejo Deliberante de la ciudad de Azul <\/strong>realizar\u00e1 el<strong> domingo 6 de septiembre<\/strong> la<strong> segunda sesi\u00f3n en Ruta 3. <\/strong><\/p>\n\n\n\n<p><\/p>\n\n\n\n<p>La actividad est\u00e1 prevista para las <strong>14.30<\/strong>, en el sector de <strong>avenida Piazza y ruta nacional 3<\/strong>.<\/p>\n\n\n\n<p><\/p>\n\n\n\n<p>Una vez finalizada la sesi\u00f3n, se llevar\u00e1 adelante un peque\u00f1o acto destinado a <strong>recordar la trayectoria y homenajear a las personas fallecidas en siniestros ocurridos en la RN3<\/strong>.<\/p>\n\n\n\n<p><\/p>\n\n\n\n<p><\/p>\n","protected":false},"excerpt":{"rendered":"<p>La actividad ser\u00e1 el domingo 6 de septiembre a las 14.30, en avenida Piazza y RN3. Luego habr\u00e1 un acto<\/p>\n","protected":false},"author":6,"featured_media":209756,"comment_status":"closed","ping_status":"closed","sticky":false,"template":"","format":"standard","meta":{"_jetpack_memberships_contains_paid_content":false,"footnotes":""},"categories":[7,6],"tags":[],"class_list":["post-213272","post","type-post","status-publish","format-standard","has-post-thumbnail","hentry","category-central","category-nacionales"],"jetpack_featured_media_url":"https:\/\/i0.wp.com\/cdnoticias.com\/wp-content\/uploads\/2026\/07\/AutoviaRuta3.webp?fit=1200%2C715&ssl=1","jetpack_sharing_enabled":true,"_links":{"self":[{"href":"https:\/\/cdnoticias.com\/index.php\/wp-json\/wp\/v2\/posts\/213272","targetHints":{"allow":["GET"]}}],"collection":[{"href":"https:\/\/cdnoticias.com\/index.php\/wp-json\/wp\/v2\/posts"}],"about":[{"href":"https:\/\/cdnoticias.com\/index.php\/wp-json\/wp\/v2\/types\/post"}],"author":[{"embeddable":true,"href":"https:\/\/cdnoticias.com\/index.php\/wp-json\/wp\/v2\/users\/6"}],"replies":[{"embeddable":true,"href":"https:\/\/cdnoticias.com\/index.php\/wp-json\/wp\/v2\/comments?post=213272"}],"version-history":[{"count":1,"href":"https:\/\/cdnoticias.com\/index.php\/wp-json\/wp\/v2\/posts\/213272\/revisions"}],"predecessor-version":[{"id":213308,"href":"https:\/\/cdnoticias.com\/index.php\/wp-json\/wp\/v2\/posts\/213272\/revisions\/213308"}],"wp:featuredmedia":[{"embeddable":true,"href":"https:\/\/cdnoticias.com\/index.php\/wp-json\/wp\/v2\/media\/209756"}],"wp:attachment":[{"href":"https:\/\/cdnoticias.com\/index.php\/wp-json\/wp\/v2\/media?parent=213272"}],"wp:term":[{"taxonomy":"category","embeddable":true,"href":"https:\/\/cdnoticias.com\/index.php\/wp-json\/wp\/v2\/categories?post=213272"},{"taxonomy":"post_tag","embeddable":true,"href":"https:\/\/cdnoticias.com\/index.php\/wp-json\/wp\/v2\/tags?post=213272"}],"curies":[{"name":"wp","href":"https:\/\/api.w.org\/{rel}","templated":true}]}}