{"id":213269,"date":"2026-08-31T20:08:21","date_gmt":"2026-08-31T23:08:21","guid":{"rendered":"https:\/\/cdnoticias.com\/?p=213269"},"modified":"2026-08-31T20:08:23","modified_gmt":"2026-08-31T23:08:23","slug":"llega-la-jornada-de-internacionalizacion-sin-fronteras-2026","status":"publish","type":"post","link":"https:\/\/cdnoticias.com\/index.php\/2026\/08\/31\/llega-la-jornada-de-internacionalizacion-sin-fronteras-2026\/","title":{"rendered":"Llega la jornada de internacionalizaci\u00f3n \u201cSin Fronteras 2026\u201d"},"content":{"rendered":"\n<p>El jueves 3 y viernes 4 de septiembre el Complejo Universitario de Olavarr\u00eda ser\u00e1 sede de un encuentro que promueve acercar lo internacional al \u00e1mbito cotidiano.<\/p>\n\n\n\n<hr class=\"wp-block-separator aligncenter has-alpha-channel-opacity\"\/>\n\n\n\n<p>Con el objetivo de promover y desarrollar estrategias para la internacionalizaci\u00f3n integral,<strong> el 3 y 4 de septiembre se desarrollar\u00e1 en el Complejo Universitario de Olavarr\u00eda, <\/strong>avenida Del Valle 5737, la <strong>jornada \u201cSin Fronteras 2026\u201d,<\/strong> una <strong>propuesta organizada <\/strong>por las<strong> facultades de Ciencias Sociales, Ingenier\u00eda y Ciencias de la Salud de la Universidad Nacional del Centro de la Provincia de Buenos Aires<\/strong>.<\/p>\n\n\n\n<p><\/p>\n\n\n\n<blockquote class=\"wp-block-quote is-layout-flow wp-block-quote-is-layout-flow\">\n<p>A trav\u00e9s de diversos talleres, paneles y actividades, la Jornada de Internacionalizaci\u00f3n es una iniciativa orientada a acercar lo internacional al \u00e1mbito cotidiano, democratizando el acceso a experiencias interculturales y fortaleciendo el proceso de internacionalizaci\u00f3n en casa.<\/p>\n<\/blockquote>\n\n\n\n<p><\/p>\n\n\n\n<p>La propuesta est\u00e1<strong> destinada a la comunidad universitaria y a la comunidad en general,<\/strong> con el fin de incorporar experiencias y propuestas que promuevan la cooperaci\u00f3n internacional y la cultura de la internacionalizaci\u00f3n en diversas instancias: <strong>procesos de ense\u00f1anza y aprendizaje, investigaci\u00f3n y extensi\u00f3n integral.<\/strong> <\/p>\n\n\n\n<p><\/p>\n\n\n\n<p>Asimismo, el<strong> martes 1 de septiembre se realizar\u00e1 \u201cEl Mundo en la Pizarra\u201d<\/strong>, apertura oficial del programa COIL Abierto, que invita a realizar una <strong>simulaci\u00f3n de postulaci\u00f3n a convocatoria por proyecto internacional.<\/strong><\/p>\n\n\n\n<p><\/p>\n\n\n\n<p>Para participar de las actividades es necesario<strong> completar el formulario <\/strong>disponible <a href=\"https:\/\/docs.google.com\/forms\/d\/1iq32V-PH7OVhS7aZPszuMR8gQcbZ_7AlUJJXNw81Ay4\/viewform?edit_requested=true\" target=\"_blank\" rel=\"noreferrer noopener\">aqu\u00ed<\/a>. <strong>Se entregar\u00e1 certificaci\u00f3n.<\/strong><\/p>\n\n\n\n<p><\/p>\n\n\n\n<p><strong>Cronograma de actividades<\/strong><\/p>\n\n\n\n<p><strong>Jueves 3 de septiembre<\/strong><\/p>\n\n\n\n<ul class=\"wp-block-list\">\n<li>10.30 horas. Apertura institucional \u201cTres facultades, un solo horizonte global\u201d &#8211; Aula C8, Edificio de Aulas Comunes.<\/li>\n<\/ul>\n\n\n\n<ul class=\"wp-block-list\">\n<li>11 horas. Charla taller virtual \u201cHerramientas claves para tu movilidad estudiantil. Experiencia ARFITEC &#8211; Francia\u201d, a cargo de Octavio Iriarte, estudiante de la Facultad de Ingenier\u00eda. Destinado a estudiantes y la comunidad universitaria. Aula C8, Edificio de Aulas Comunes.<\/li>\n<\/ul>\n\n\n\n<ul class=\"wp-block-list\">\n<li>11.40 horas. Taller h\u00edbrido \u201cSuperando fronteras mentales: taller de miedos ante lo nuevo\u201d, a cargo de Mariano Segonds (Habilidades Blandas). Destinado a estudiantes, docentes y nodocentes. Aula C8, Edificio de Aulas Comunes.<\/li>\n<\/ul>\n\n\n\n<ul class=\"wp-block-list\">\n<li>13 horas. Break &#8211; Espacio activo.<\/li>\n<\/ul>\n\n\n\n<ul class=\"wp-block-list\">\n<li>14 horas. Taller h\u00edbrido \u201cTu pasaporte profesional: CV y postulaci\u00f3n internacional\u201d, a cargo de Yamila Silva Peralta (UNMdP). Destinado a estudiantes, j\u00f3venes investigadores\/as, docentes y nodocentes. Aula C8, Edificio de Aulas Comunes.<\/li>\n<\/ul>\n\n\n\n<ul class=\"wp-block-list\">\n<li>16 horas. Panel \u201cDe Olavarr\u00eda al mercado global: el \u00e9xito de empresas locales\u201d, con la participaci\u00f3n de referentes de las empresas Bolsas Olavarr\u00eda y La Casa de los Cristales. Destinado a estudiantes, docentes, graduados\/as y p\u00fablico en general. Auditorio FIO.<\/li>\n<\/ul>\n\n\n\n<p><\/p>\n\n\n\n<p><strong>Viernes 4 de septiembre<\/strong><\/p>\n\n\n\n<ul class=\"wp-block-list\">\n<li>10 horas. Taller t\u00e9cnico virtual \u201cCooperaci\u00f3n CyT: formulaci\u00f3n de proyectos de cooperaci\u00f3n internacional\u201d, a cargo de Romina Loray y Facundo Carcedo (DRI-UNICEN). Destinado a docentes investigadores\/as. Aula C8, Edificio de Aulas Comunes.<\/li>\n<\/ul>\n\n\n\n<ul class=\"wp-block-list\">\n<li>12 horas. Charla virtual \u201cAlemania te espera: financiamiento de excelencia con el DAAD\u201d, a cargo del Servicio Alem\u00e1n de Intercambio Acad\u00e9mico (DAAD). Destinado a estudiantes, docentes, graduados\/as, investigadores\/as y p\u00fablico en general. Aula C8, Edificio de Aulas Comunes.<\/li>\n<\/ul>\n\n\n\n<ul class=\"wp-block-list\">\n<li>12.45 horas. Break &#8211; Espacio activo.<\/li>\n<\/ul>\n\n\n\n<ul class=\"wp-block-list\">\n<li>14 horas. Conferencia magistral h\u00edbrida: \u201cLa Universidad del Futuro: pol\u00edticas de internacionalizaci\u00f3n\u201d, a cargo de Romina Nardi. Destinado a docentes, gestores\/as y nodocentes. Aula C8, Edificio de Aulas Comunes.<\/li>\n<\/ul>\n\n\n\n<ul class=\"wp-block-list\">\n<li>15 horas. Charla virtual \u201cEstudiar en Europa: becas y oportunidades del Gobierno Espa\u00f1ol\u201d, a cargo de la Consejer\u00eda de Educaci\u00f3n de Espa\u00f1a. Destinado a estudiantes, docentes, graduados\/as, investigadores\/as y p\u00fablico en general. Aula C8, Edificio de Aulas Comunes.<\/li>\n<\/ul>\n\n\n\n<ul class=\"wp-block-list\">\n<li>15.45 horas. Charla debate h\u00edbrida \u201c\u00bfY si me pasara a m\u00ed? Historias y realidades de la migraci\u00f3n local\u201d, a cargo de Mariya Rigalov. Destinado a estudiantes y p\u00fablico en general. Aula C8, Edificio de Aulas Comunes.<\/li>\n<\/ul>\n\n\n\n<ul class=\"wp-block-list\">\n<li>17 horas. Charla virtual \u201cDestino Francia: oferta educativa y programas de movilidad\u201d, a cargo de Campus France y Alianza Francesa. Destinado a estudiantes, docentes, graduados\/as, investigadores\/as y p\u00fablico en general. Aula C8, Edificio de Aulas Comunes.<\/li>\n<\/ul>\n\n\n\n<ul class=\"wp-block-list\">\n<li>17.45 horas. Charla presencial &#8220;Rumbo a EE. UU.: Becas Fulbright para la Universidad del Futuro&#8221;, a cargo de la Comisi\u00f3n Fulbright. Destinado a estudiantes, docentes, graduados\/as, investigadores\/as y p\u00fablico en general. Aula C8, Edificio de Aulas Comunes.<\/li>\n<\/ul>\n\n\n\n<ul class=\"wp-block-list\">\n<li>18.15 horas. Charla presencial &#8220;Liderazgo global y comunidad: becas de intercambio Rotary&#8221;, a cargo de Rotary Club. Destinado a estudiantes, docentes y p\u00fablico en general. Aula C8, Edificio de Aulas Comunes.<\/li>\n<\/ul>\n\n\n\n<ul class=\"wp-block-list\">\n<li>18.45 horas. Charla Caf\u00e9: &#8220;Hablemos los Idiomas del Mundo&#8221;, a cargo de la coordinaci\u00f3n de Idiomas. a Destinado a estudiantes y p\u00fablico en general. Laboratorio de Idiomas, Edificio de Aulas Comunes.<\/li>\n<\/ul>\n\n\n\n<p><\/p>\n\n\n\n<p><\/p>\n\n\n\n<p><\/p>\n\n\n\n<p><\/p>\n","protected":false},"excerpt":{"rendered":"<p>El jueves 3 y viernes 4 de septiembre el Complejo Universitario de Olavarr\u00eda ser\u00e1 sede de un encuentro que promueve<\/p>\n","protected":false},"author":6,"featured_media":167672,"comment_status":"closed","ping_status":"closed","sticky":false,"template":"","format":"standard","meta":{"_jetpack_memberships_contains_paid_content":false,"footnotes":""},"categories":[5,1],"tags":[],"class_list":["post-213269","post","type-post","status-publish","format-standard","has-post-thumbnail","hentry","category-informacion-general","category-portada"],"jetpack_featured_media_url":"https:\/\/i0.wp.com\/cdnoticias.com\/wp-content\/uploads\/2025\/03\/campus-unicen-02-facso.jpg?fit=1000%2C557&ssl=1","jetpack_sharing_enabled":true,"_links":{"self":[{"href":"https:\/\/cdnoticias.com\/index.php\/wp-json\/wp\/v2\/posts\/213269","targetHints":{"allow":["GET"]}}],"collection":[{"href":"https:\/\/cdnoticias.com\/index.php\/wp-json\/wp\/v2\/posts"}],"about":[{"href":"https:\/\/cdnoticias.com\/index.php\/wp-json\/wp\/v2\/types\/post"}],"author":[{"embeddable":true,"href":"https:\/\/cdnoticias.com\/index.php\/wp-json\/wp\/v2\/users\/6"}],"replies":[{"embeddable":true,"href":"https:\/\/cdnoticias.com\/index.php\/wp-json\/wp\/v2\/comments?post=213269"}],"version-history":[{"count":1,"href":"https:\/\/cdnoticias.com\/index.php\/wp-json\/wp\/v2\/posts\/213269\/revisions"}],"predecessor-version":[{"id":213302,"href":"https:\/\/cdnoticias.com\/index.php\/wp-json\/wp\/v2\/posts\/213269\/revisions\/213302"}],"wp:featuredmedia":[{"embeddable":true,"href":"https:\/\/cdnoticias.com\/index.php\/wp-json\/wp\/v2\/media\/167672"}],"wp:attachment":[{"href":"https:\/\/cdnoticias.com\/index.php\/wp-json\/wp\/v2\/media?parent=213269"}],"wp:term":[{"taxonomy":"category","embeddable":true,"href":"https:\/\/cdnoticias.com\/index.php\/wp-json\/wp\/v2\/categories?post=213269"},{"taxonomy":"post_tag","embeddable":true,"href":"https:\/\/cdnoticias.com\/index.php\/wp-json\/wp\/v2\/tags?post=213269"}],"curies":[{"name":"wp","href":"https:\/\/api.w.org\/{rel}","templated":true}]}}