{"id":213261,"date":"2026-08-31T18:16:05","date_gmt":"2026-08-31T21:16:05","guid":{"rendered":"https:\/\/cdnoticias.com\/?p=213261"},"modified":"2026-08-31T18:16:06","modified_gmt":"2026-08-31T21:16:06","slug":"federacion-bonaerense-fue-novena-en-el-argentino-sub-14-de-voleibol","status":"publish","type":"post","link":"https:\/\/cdnoticias.com\/index.php\/2026\/08\/31\/federacion-bonaerense-fue-novena-en-el-argentino-sub-14-de-voleibol\/","title":{"rendered":"Federaci\u00f3n Bonaerense fue novena en el Argentino Sub 14 de Voleibol"},"content":{"rendered":"\n<p>El seleccionado femenino termin\u00f3 con cinco victorias y tres derrotas, mientras que el masculino ocup\u00f3 el decimotercer puesto. Anita Correge Aparicio y Emma Mapis integraron el plantel femenino.<\/p>\n\n\n\n<hr class=\"wp-block-separator aligncenter has-alpha-channel-opacity\"\/>\n\n\n\n<p>El s\u00e1bado<strong> culmin\u00f3 en Resistencia, Chaco, el Argentino Sub 14 de Voleibol en ambas ramas,<\/strong> que <strong>reuni\u00f3 durante cinco d\u00edas a 22 formaciones por categor\u00eda y disput\u00f3 83 partidos en cada rama.<\/strong><\/p>\n\n\n\n<p><\/p>\n\n\n\n<p>El seleccionado de la<strong> Federaci\u00f3n Bonaerense de Voleibol <\/strong>finaliz\u00f3 <strong>noveno en la rama femenina<\/strong>, mientras que <strong>el conjunto masculino ocup\u00f3 el decimotercer puesto.<\/strong><\/p>\n\n\n\n<p><\/p>\n\n\n\n<p>En la competencia femenina, <strong>el equipo bonaerense, que cont\u00f3 con las jugadoras de Estudiantes Anita Correge Aparicio y Emma Mapis, <\/strong>hab\u00eda<strong> finalizado tercero en la Zona D, con tres triunfos y dos derrotas.<\/strong><\/p>\n\n\n\n<p><\/p>\n\n\n\n<figure class=\"wp-block-image aligncenter size-full\"><img data-recalc-dims=\"1\" loading=\"lazy\" decoding=\"async\" width=\"800\" height=\"508\" src=\"https:\/\/i0.wp.com\/cdnoticias.com\/wp-content\/uploads\/2026\/08\/voleyfederacionbonaerense2.png?resize=800%2C508&#038;ssl=1\" alt=\"\" class=\"wp-image-213265\" srcset=\"https:\/\/i0.wp.com\/cdnoticias.com\/wp-content\/uploads\/2026\/08\/voleyfederacionbonaerense2.png?w=900&amp;ssl=1 900w, https:\/\/i0.wp.com\/cdnoticias.com\/wp-content\/uploads\/2026\/08\/voleyfederacionbonaerense2.png?resize=300%2C190&amp;ssl=1 300w, https:\/\/i0.wp.com\/cdnoticias.com\/wp-content\/uploads\/2026\/08\/voleyfederacionbonaerense2.png?resize=768%2C487&amp;ssl=1 768w\" sizes=\"auto, (max-width: 800px) 100vw, 800px\" \/><\/figure>\n\n\n\n<p><\/p>\n\n\n\n<blockquote class=\"wp-block-quote is-layout-flow wp-block-quote-is-layout-flow\">\n<p>Luego, en la instancia que reuni\u00f3 a los equipos ubicados entre el noveno y el duod\u00e9cimo puesto, Buenos Aires consigui\u00f3 dos victorias y una derrota. El viernes super\u00f3 a R\u00edo Negro por 3-1 (25-19, 16-25, 25-10, 25-22) y a Neuqu\u00e9n por 3-0 (25-22, 25-15, 25-14), mientras que cerr\u00f3 su participaci\u00f3n con una ca\u00edda ante Salta por 3-2 (25-17, 25-20, 22-25, 17-25, 10-15).<\/p>\n<\/blockquote>\n\n\n\n<p><\/p>\n\n\n\n<p><strong>Con esos resultados, la Federaci\u00f3n Bonaerense termin\u00f3 novena, con un registro de cinco partidos ganados y tres perdidos, 19 sets a favor y 12 en contra.<\/strong><\/p>\n\n\n\n<p><\/p>\n\n\n\n<blockquote class=\"wp-block-quote is-layout-flow wp-block-quote-is-layout-flow\">\n<p>El plantel estuvo integrado por Felicitas Saccoccia, Malena Rosenthal, Augusta Caro (Club Jun\u00edn), Ambar Vazquez Colangelo, Milagros Alonso, Paulina Coronel (Olimpo de Bah\u00eda Blanca), Anita Correge Aparicio y Emma Mapis (Estudiantes de Olavarr\u00eda), Lola Pereyra, Melina Fumaroni (Mar Chiquita V\u00f3ley), Agustina Scalese, Ernestina Perez (Comunicaciones de Pergamino), Martina Russo (Gimnasia y Esgrima de Pergamino) y Catalina Maceira (Club Atl\u00e9tico y Social General Belgrano).<\/p>\n<\/blockquote>\n\n\n\n<p><\/p>\n\n\n\n<figure class=\"wp-block-image aligncenter size-full\"><img data-recalc-dims=\"1\" loading=\"lazy\" decoding=\"async\" width=\"800\" height=\"451\" src=\"https:\/\/i0.wp.com\/cdnoticias.com\/wp-content\/uploads\/2026\/08\/voleyfederacionbonaerense.png?resize=800%2C451&#038;ssl=1\" alt=\"\" class=\"wp-image-213267\" srcset=\"https:\/\/i0.wp.com\/cdnoticias.com\/wp-content\/uploads\/2026\/08\/voleyfederacionbonaerense.png?w=895&amp;ssl=1 895w, https:\/\/i0.wp.com\/cdnoticias.com\/wp-content\/uploads\/2026\/08\/voleyfederacionbonaerense.png?resize=300%2C169&amp;ssl=1 300w, https:\/\/i0.wp.com\/cdnoticias.com\/wp-content\/uploads\/2026\/08\/voleyfederacionbonaerense.png?resize=768%2C432&amp;ssl=1 768w\" sizes=\"auto, (max-width: 800px) 100vw, 800px\" \/><\/figure>\n\n\n\n<p><\/p>\n\n\n\n<p>El cuerpo t\u00e9cnico estuvo conformado por Brenda Irurzun, como directora t\u00e9cnica, y Bianca Rossi y Nicol\u00e1s Montoto, como asistentes t\u00e9cnicos. <strong>En la final femenina, Federaci\u00f3n Metropolitana derrot\u00f3 al anfitri\u00f3n Chaco por 3-1 (21-25, 25-17, 25-15, 25-18) y se consagr\u00f3 campe\u00f3n.<\/strong><\/p>\n\n\n\n<p><\/p>\n\n\n\n<h3 class=\"wp-block-heading\">Posiciones finales \u2014 Femenino<\/h3>\n\n\n\n<ol class=\"wp-block-list\">\n<li>Metropolitana<\/li>\n\n\n\n<li>Chaco<\/li>\n\n\n\n<li>C\u00f3rdoba<\/li>\n\n\n\n<li>Santa Fe<\/li>\n\n\n\n<li>Entre R\u00edos<\/li>\n\n\n\n<li>Tucum\u00e1n<\/li>\n\n\n\n<li>San Juan<\/li>\n\n\n\n<li>Mendoza<\/li>\n\n\n\n<li>Bonaerense<\/li>\n\n\n\n<li>R\u00edo Negro<\/li>\n\n\n\n<li>Salta<\/li>\n\n\n\n<li>Neuqu\u00e9n<\/li>\n\n\n\n<li>Catamarca<\/li>\n\n\n\n<li>La Pampa<\/li>\n\n\n\n<li>Misiones<\/li>\n\n\n\n<li>Santiago del Estero<\/li>\n\n\n\n<li>Jujuy<\/li>\n\n\n\n<li>Formosa<\/li>\n\n\n\n<li>La Rioja<\/li>\n\n\n\n<li>San Luis<\/li>\n\n\n\n<li>Corrientes<\/li>\n\n\n\n<li>Chubut<\/li>\n<\/ol>\n\n\n\n<p><\/p>\n\n\n\n<p><\/p>\n\n\n\n<h3 class=\"wp-block-heading\">El masculino termin\u00f3 13\u00b0<\/h3>\n\n\n\n<p>El <strong>seleccionado masculino de la Federaci\u00f3n Bonaerense finaliz\u00f3 en el decimotercer puesto<\/strong>, luego de <strong>conseguir cuatro victorias y sufrir tres derrotas.<\/strong><\/p>\n\n\n\n<p><\/p>\n\n\n\n<blockquote class=\"wp-block-quote is-layout-flow wp-block-quote-is-layout-flow\">\n<p>En la fase de zonas, Buenos Aires perdi\u00f3 3-1 ante Misiones y 3-0 frente a San Juan, mientras que derrot\u00f3 3-0 a Salta y 3-1 a Chaco. En el cuadrangular por el decimotercer puesto, venci\u00f3 3-0 a Jujuy y 3-1 a Formosa, y cerr\u00f3 el torneo con una derrota 3-2 ante Chubut.<\/p>\n<\/blockquote>\n\n\n\n<p><\/p>\n\n\n\n<p>La final masculina qued\u00f3 en manos de Santa Fe, que super\u00f3 3-2 a Federaci\u00f3n Metropolitana.<\/p>\n","protected":false},"excerpt":{"rendered":"<p>El seleccionado femenino termin\u00f3 con cinco victorias y tres derrotas, mientras que el masculino ocup\u00f3 el decimotercer puesto. Anita Correge<\/p>\n","protected":false},"author":6,"featured_media":213266,"comment_status":"closed","ping_status":"closed","sticky":false,"template":"","format":"standard","meta":{"_jetpack_memberships_contains_paid_content":false,"footnotes":""},"categories":[29],"tags":[],"class_list":["post-213261","post","type-post","status-publish","format-standard","has-post-thumbnail","hentry","category-deportes"],"jetpack_featured_media_url":"https:\/\/i0.wp.com\/cdnoticias.com\/wp-content\/uploads\/2026\/08\/voleyfederacionbonaerense1.png?fit=891%2C522&ssl=1","jetpack_sharing_enabled":true,"_links":{"self":[{"href":"https:\/\/cdnoticias.com\/index.php\/wp-json\/wp\/v2\/posts\/213261","targetHints":{"allow":["GET"]}}],"collection":[{"href":"https:\/\/cdnoticias.com\/index.php\/wp-json\/wp\/v2\/posts"}],"about":[{"href":"https:\/\/cdnoticias.com\/index.php\/wp-json\/wp\/v2\/types\/post"}],"author":[{"embeddable":true,"href":"https:\/\/cdnoticias.com\/index.php\/wp-json\/wp\/v2\/users\/6"}],"replies":[{"embeddable":true,"href":"https:\/\/cdnoticias.com\/index.php\/wp-json\/wp\/v2\/comments?post=213261"}],"version-history":[{"count":1,"href":"https:\/\/cdnoticias.com\/index.php\/wp-json\/wp\/v2\/posts\/213261\/revisions"}],"predecessor-version":[{"id":213298,"href":"https:\/\/cdnoticias.com\/index.php\/wp-json\/wp\/v2\/posts\/213261\/revisions\/213298"}],"wp:featuredmedia":[{"embeddable":true,"href":"https:\/\/cdnoticias.com\/index.php\/wp-json\/wp\/v2\/media\/213266"}],"wp:attachment":[{"href":"https:\/\/cdnoticias.com\/index.php\/wp-json\/wp\/v2\/media?parent=213261"}],"wp:term":[{"taxonomy":"category","embeddable":true,"href":"https:\/\/cdnoticias.com\/index.php\/wp-json\/wp\/v2\/categories?post=213261"},{"taxonomy":"post_tag","embeddable":true,"href":"https:\/\/cdnoticias.com\/index.php\/wp-json\/wp\/v2\/tags?post=213261"}],"curies":[{"name":"wp","href":"https:\/\/api.w.org\/{rel}","templated":true}]}}