{"id":213260,"date":"2026-08-31T17:20:31","date_gmt":"2026-08-31T20:20:31","guid":{"rendered":"https:\/\/cdnoticias.com\/?p=213260"},"modified":"2026-08-31T18:39:05","modified_gmt":"2026-08-31T21:39:05","slug":"la-mesa-de-transporte-acordo-dar-continuidad-a-la-emergencia-del-servicio","status":"publish","type":"post","link":"https:\/\/cdnoticias.com\/index.php\/2026\/08\/31\/la-mesa-de-transporte-acordo-dar-continuidad-a-la-emergencia-del-servicio\/","title":{"rendered":"Mesa de Transporte: contin\u00faa la emergencia del servicio"},"content":{"rendered":"\n<p>El encuentro reuni\u00f3 al Municipio, el Concejo Deliberante y empresas concesionarias para evaluar el funcionamiento y los costos de las prestaciones. Por ahora, no hubo definici\u00f3n sobre aumentos en el boleto.<\/p>\n\n\n\n<hr class=\"wp-block-separator aligncenter has-alpha-channel-opacity\"\/>\n\n\n\n<p>En la ma\u00f1ana de este lunes se concret\u00f3 una <strong>nueva reuni\u00f3n de la Mesa de Transporte, espacio de di\u00e1logo y trabajo conjunto integrado por el Municipio de Olavarr\u00eda, el Concejo Deliberante y las empresas concesionarias de los servicios de transporte p\u00fablico de pasajeros y pasajeras<\/strong>, tanto urbano como interurbano.<\/p>\n\n\n\n<p><\/p>\n\n\n\n<p>El encuentro tuvo como objetivo<strong> analizar el funcionamiento del sistema y abordar la situaci\u00f3n de emergencia que atraviesa el sector.<\/strong><\/p>\n\n\n\n<p><\/p>\n\n\n\n<p>Participaron la secretaria de Econom\u00eda y Hacienda, Eugenia Bezzoni, y el secretario de Protecci\u00f3n Ciudadana, El\u00edas Quintas, junto con funcionarios de las \u00e1reas mencionadas. Tambi\u00e9n estuvieron presentes el presidente del Concejo Deliberante, Guillermo Santell\u00e1n, y concejales y concejalas que integran los distintos espacios del cuerpo legislativo local.<\/p>\n\n\n\n<p><\/p>\n\n\n\n<p>Durante la reuni\u00f3n, <strong>las empresas presentaron informes vinculados con el funcionamiento de los servicios y expusieron las dificultades para afrontar los crecientes gastos operativos <\/strong>y, al mismo tiempo, responder a las demandas de las y los pasajeros.<\/p>\n\n\n\n<p><\/p>\n\n\n\n<p>En ese marco, se se\u00f1al\u00f3 el impacto del <strong>incremento sostenido de los insumos necesarios para garantizar la prestaci\u00f3n<\/strong>, particularmente por el continuo aumento del precio del combustible.<\/p>\n\n\n\n<p><\/p>\n\n\n\n<p>A esta situaci\u00f3n <strong>se suma la decisi\u00f3n del Gobierno Nacional de retirar el acompa\u00f1amiento econ\u00f3mico al sector, lo que, seg\u00fan se plante\u00f3 durante el encuentro, profundiza las dificultades<\/strong> para sostener el funcionamiento de los servicios y atender las necesidades de las comunidades que utilizan diariamente estas prestaciones.<\/p>\n\n\n\n<p><\/p>\n\n\n\n<p>En este contexto, se ratific\u00f3<strong> la declaraci\u00f3n de emergencia del servicio de transporte, mientras se mantiene abierta la mesa de di\u00e1logo para analizar distintas alternativas y medidas que permitan garantizar la continuidad de las prestaciones.<\/strong><\/p>\n\n\n\n<p><\/p>\n\n\n\n<p>Desde el Municipio se destac\u00f3 la importancia de sostener este \u00e1mbito de trabajo conjunto para evaluar de manera permanente la situaci\u00f3n del sistema, acompa\u00f1ar al sector en la b\u00fasqueda de soluciones y garantizar un servicio de transporte que pueda responder a las necesidades de las y los vecinos de Olavarr\u00eda.<\/p>\n","protected":false},"excerpt":{"rendered":"<p>El encuentro reuni\u00f3 al Municipio, el Concejo Deliberante y empresas concesionarias para evaluar el funcionamiento y los costos de las<\/p>\n","protected":false},"author":2,"featured_media":213263,"comment_status":"closed","ping_status":"closed","sticky":false,"template":"","format":"standard","meta":{"_jetpack_memberships_contains_paid_content":false,"footnotes":""},"categories":[7,4],"tags":[],"class_list":["post-213260","post","type-post","status-publish","format-standard","has-post-thumbnail","hentry","category-central","category-politica"],"jetpack_featured_media_url":"https:\/\/i0.wp.com\/cdnoticias.com\/wp-content\/uploads\/2026\/08\/mesa-emergencia-transporte.jpeg?fit=1024%2C683&ssl=1","jetpack_sharing_enabled":true,"_links":{"self":[{"href":"https:\/\/cdnoticias.com\/index.php\/wp-json\/wp\/v2\/posts\/213260","targetHints":{"allow":["GET"]}}],"collection":[{"href":"https:\/\/cdnoticias.com\/index.php\/wp-json\/wp\/v2\/posts"}],"about":[{"href":"https:\/\/cdnoticias.com\/index.php\/wp-json\/wp\/v2\/types\/post"}],"author":[{"embeddable":true,"href":"https:\/\/cdnoticias.com\/index.php\/wp-json\/wp\/v2\/users\/2"}],"replies":[{"embeddable":true,"href":"https:\/\/cdnoticias.com\/index.php\/wp-json\/wp\/v2\/comments?post=213260"}],"version-history":[{"count":2,"href":"https:\/\/cdnoticias.com\/index.php\/wp-json\/wp\/v2\/posts\/213260\/revisions"}],"predecessor-version":[{"id":213305,"href":"https:\/\/cdnoticias.com\/index.php\/wp-json\/wp\/v2\/posts\/213260\/revisions\/213305"}],"wp:featuredmedia":[{"embeddable":true,"href":"https:\/\/cdnoticias.com\/index.php\/wp-json\/wp\/v2\/media\/213263"}],"wp:attachment":[{"href":"https:\/\/cdnoticias.com\/index.php\/wp-json\/wp\/v2\/media?parent=213260"}],"wp:term":[{"taxonomy":"category","embeddable":true,"href":"https:\/\/cdnoticias.com\/index.php\/wp-json\/wp\/v2\/categories?post=213260"},{"taxonomy":"post_tag","embeddable":true,"href":"https:\/\/cdnoticias.com\/index.php\/wp-json\/wp\/v2\/tags?post=213260"}],"curies":[{"name":"wp","href":"https:\/\/api.w.org\/{rel}","templated":true}]}}