{"id":21326,"date":"2021-05-12T19:40:53","date_gmt":"2021-05-12T22:40:53","guid":{"rendered":"http:\/\/www.centraldenoticias.com.ar\/?p=21326"},"modified":"2021-05-12T19:40:53","modified_gmt":"2021-05-12T22:40:53","slug":"segunda-ola-en-tandil-las-camas-de-terapia-estan-ocupadas-al-100","status":"publish","type":"post","link":"https:\/\/cdnoticias.com\/index.php\/2021\/05\/12\/segunda-ola-en-tandil-las-camas-de-terapia-estan-ocupadas-al-100\/","title":{"rendered":"Segunda Ola: En Tandil las camas de terapia est\u00e1n ocupadas al 100%"},"content":{"rendered":"<p>Debido a la emergencia dos pacientes debieron ser derivados a la Capital Federal. Cuenta con m\u00e1s de 900 casos activos y 270 muertes.<!--more--><\/p>\n<hr \/>\n<p>La segunda ola de coronavirus est\u00e1 ocasionando m\u00faltiples complicaciones en numerosos puntos del pa\u00eds y el interior bonaerense no es la excepci\u00f3n. En la regi\u00f3n uno de los distritos m\u00e1s complicados es Tandil, al punto que en las \u00faltimas horas<a href=\"https:\/\/cdnoticias.com\/index.php\/2021\/05\/11\/olavarria-sigue-en-fase-3-y-entre-los-pases-a-fase-2-esta-tandil\/\" target=\"_blank\" rel=\"noopener\"> fue situado por Provincia en fase 2, la m\u00e1s restrictiva<\/a>, al punto de haber resignado la presencialidad en las escuelas, algo que <a href=\"https:\/\/cdnoticias.com\/index.php\/2021\/05\/11\/tandil-pedira-sostener-la-presencialidad-en-las-escuelas\/\" target=\"_blank\" rel=\"noopener\">buscar\u00e1 ser revertido desde el municipio serrano.<\/a><\/p>\n<p>&nbsp;<\/p>\n<p>Lo concreto es que en materia sanitaria las complicaciones son elocuentes, al punto que <strong>presenta una ocupaci\u00f3n total de las camas de terapia intensiva<\/strong>, tal como lo reflej\u00f3 Multimedios El Eco en la jornada de este mi\u00e9rcoles, a partir del di\u00e1logo con Mat\u00edas Tringler, vicepresidente del Sistema Integrado de Salud P\u00fablica.<\/p>\n<p>&nbsp;<\/p>\n<p><img data-recalc-dims=\"1\" loading=\"lazy\" decoding=\"async\" class=\"alignnone size-full wp-image-17752\" src=\"https:\/\/i0.wp.com\/cdnoticias.com\/wp-content\/uploads\/2021\/04\/tandil.jpg?resize=800%2C445&#038;ssl=1\" alt=\"\" width=\"800\" height=\"445\" srcset=\"https:\/\/i0.wp.com\/cdnoticias.com\/wp-content\/uploads\/2021\/04\/tandil.jpg?w=800&amp;ssl=1 800w, https:\/\/i0.wp.com\/cdnoticias.com\/wp-content\/uploads\/2021\/04\/tandil.jpg?resize=300%2C167&amp;ssl=1 300w, https:\/\/i0.wp.com\/cdnoticias.com\/wp-content\/uploads\/2021\/04\/tandil.jpg?resize=768%2C427&amp;ssl=1 768w\" sizes=\"auto, (max-width: 800px) 100vw, 800px\" \/><\/p>\n<p>&nbsp;<\/p>\n<p><strong>\u201cLas 16 camas de la terapia del Hospital Ram\u00f3n Santamarina est\u00e1n ocupadas, el Sanatorio y la Cl\u00ednica no tienen camas de Covid-19 disponible\u201d<\/strong>, remarc\u00f3 a medida que daba cuenta que dos pacientes debieron ser derivados a Capital Federal.<\/p>\n<p>&nbsp;<\/p>\n<p>Seg\u00fan el \u00faltimo parte oficial la ciudad vecina cuenta con <strong>918 casos activos, 130 de los cuales fueron detectados en las \u00faltimas horas<\/strong>. Adem\u00e1s, registra 270 fallecimientos por la pandemia.<\/p>\n<p>&nbsp;<\/p>\n<p><a href=\"https:\/\/www.eleco.com.ar\/la-ciudad\/las-camas-de-terapia-estan-100-ocupadas-y-hubo-que-derivar-dos-pacientes-a-capital-federal\/\" target=\"_blank\" rel=\"noopener\"><em>Con informaci\u00f3n de El Eco de Tandil<\/em><\/a><\/p>\n","protected":false},"excerpt":{"rendered":"<p>Debido a la emergencia dos pacientes debieron ser derivados a la Capital Federal. Cuenta con m\u00e1s de 900 casos activos<\/p>\n","protected":false},"author":3,"featured_media":1114,"comment_status":"closed","ping_status":"closed","sticky":false,"template":"","format":"standard","meta":{"_jetpack_memberships_contains_paid_content":false,"footnotes":""},"categories":[6,1],"tags":[],"class_list":["post-21326","post","type-post","status-publish","format-standard","has-post-thumbnail","hentry","category-nacionales","category-portada"],"jetpack_featured_media_url":"https:\/\/i0.wp.com\/cdnoticias.com\/wp-content\/uploads\/2020\/09\/HospitalTandil.jpg?fit=1200%2C900&ssl=1","jetpack_sharing_enabled":true,"_links":{"self":[{"href":"https:\/\/cdnoticias.com\/index.php\/wp-json\/wp\/v2\/posts\/21326","targetHints":{"allow":["GET"]}}],"collection":[{"href":"https:\/\/cdnoticias.com\/index.php\/wp-json\/wp\/v2\/posts"}],"about":[{"href":"https:\/\/cdnoticias.com\/index.php\/wp-json\/wp\/v2\/types\/post"}],"author":[{"embeddable":true,"href":"https:\/\/cdnoticias.com\/index.php\/wp-json\/wp\/v2\/users\/3"}],"replies":[{"embeddable":true,"href":"https:\/\/cdnoticias.com\/index.php\/wp-json\/wp\/v2\/comments?post=21326"}],"version-history":[{"count":0,"href":"https:\/\/cdnoticias.com\/index.php\/wp-json\/wp\/v2\/posts\/21326\/revisions"}],"wp:featuredmedia":[{"embeddable":true,"href":"https:\/\/cdnoticias.com\/index.php\/wp-json\/wp\/v2\/media\/1114"}],"wp:attachment":[{"href":"https:\/\/cdnoticias.com\/index.php\/wp-json\/wp\/v2\/media?parent=21326"}],"wp:term":[{"taxonomy":"category","embeddable":true,"href":"https:\/\/cdnoticias.com\/index.php\/wp-json\/wp\/v2\/categories?post=21326"},{"taxonomy":"post_tag","embeddable":true,"href":"https:\/\/cdnoticias.com\/index.php\/wp-json\/wp\/v2\/tags?post=21326"}],"curies":[{"name":"wp","href":"https:\/\/api.w.org\/{rel}","templated":true}]}}