{"id":213245,"date":"2026-08-31T17:07:51","date_gmt":"2026-08-31T20:07:51","guid":{"rendered":"https:\/\/cdnoticias.com\/?p=213245"},"modified":"2026-08-31T17:07:55","modified_gmt":"2026-08-31T20:07:55","slug":"las-chairas-cayeron-ante-aldosivi-en-el-partido-de-ida","status":"publish","type":"post","link":"https:\/\/cdnoticias.com\/index.php\/2026\/08\/31\/las-chairas-cayeron-ante-aldosivi-en-el-partido-de-ida\/","title":{"rendered":"Las Chairas cayeron ante Aldosivi en el partido de ida"},"content":{"rendered":"\n<p>La Sub 15 de Racing de Olavarr\u00eda perdi\u00f3 2-0 ante el equipo marplatense. La serie se definir\u00e1 el pr\u00f3ximo fin de semana en Mar del Plata.<\/p>\n\n\n\n<hr class=\"wp-block-separator aligncenter has-alpha-channel-opacity\"\/>\n\n\n\n<p>La<strong> Sub 15 de Racing de Olavarr\u00eda perdi\u00f3 2-0 ante Aldosivi de Mar del Plata<\/strong>, en el encuentro de ida <strong>correspondiente a la segunda llave del Torneo Regional Federal Amateur Femenino.<\/strong><\/p>\n\n\n\n<p><\/p>\n\n\n\n<blockquote class=\"wp-block-quote is-layout-flow wp-block-quote-is-layout-flow\">\n<p>Las Chairas no pudieron quedarse con el primer duelo de la serie y ahora deber\u00e1n viajar a Mar del Plata el pr\u00f3ximo fin de semana para disputar el partido de vuelta.<\/p>\n<\/blockquote>\n\n\n\n<p><\/p>\n\n\n\n<p>El conjunto representante de Olavarr\u00eda buscar\u00e1 revertir la serie en condici\u00f3n de visitante y avanzar a la siguiente instancia de la competencia.<\/p>\n\n\n\n<p><\/p>\n\n\n\n<p><em>\ud83d\udcf8 @analiapaezfotografias<\/em><\/p>\n\n\n\n<p><\/p>\n","protected":false},"excerpt":{"rendered":"<p>La Sub 15 de Racing de Olavarr\u00eda perdi\u00f3 2-0 ante el equipo marplatense. La serie se definir\u00e1 el pr\u00f3ximo fin<\/p>\n","protected":false},"author":6,"featured_media":213247,"comment_status":"closed","ping_status":"closed","sticky":false,"template":"","format":"standard","meta":{"_jetpack_memberships_contains_paid_content":false,"footnotes":""},"categories":[29],"tags":[],"class_list":["post-213245","post","type-post","status-publish","format-standard","has-post-thumbnail","hentry","category-deportes"],"jetpack_featured_media_url":"https:\/\/i0.wp.com\/cdnoticias.com\/wp-content\/uploads\/2026\/08\/chairas-aldosivi.png?fit=762%2C523&ssl=1","jetpack_sharing_enabled":true,"_links":{"self":[{"href":"https:\/\/cdnoticias.com\/index.php\/wp-json\/wp\/v2\/posts\/213245","targetHints":{"allow":["GET"]}}],"collection":[{"href":"https:\/\/cdnoticias.com\/index.php\/wp-json\/wp\/v2\/posts"}],"about":[{"href":"https:\/\/cdnoticias.com\/index.php\/wp-json\/wp\/v2\/types\/post"}],"author":[{"embeddable":true,"href":"https:\/\/cdnoticias.com\/index.php\/wp-json\/wp\/v2\/users\/6"}],"replies":[{"embeddable":true,"href":"https:\/\/cdnoticias.com\/index.php\/wp-json\/wp\/v2\/comments?post=213245"}],"version-history":[{"count":0,"href":"https:\/\/cdnoticias.com\/index.php\/wp-json\/wp\/v2\/posts\/213245\/revisions"}],"wp:featuredmedia":[{"embeddable":true,"href":"https:\/\/cdnoticias.com\/index.php\/wp-json\/wp\/v2\/media\/213247"}],"wp:attachment":[{"href":"https:\/\/cdnoticias.com\/index.php\/wp-json\/wp\/v2\/media?parent=213245"}],"wp:term":[{"taxonomy":"category","embeddable":true,"href":"https:\/\/cdnoticias.com\/index.php\/wp-json\/wp\/v2\/categories?post=213245"},{"taxonomy":"post_tag","embeddable":true,"href":"https:\/\/cdnoticias.com\/index.php\/wp-json\/wp\/v2\/tags?post=213245"}],"curies":[{"name":"wp","href":"https:\/\/api.w.org\/{rel}","templated":true}]}}