{"id":213241,"date":"2026-08-31T17:05:34","date_gmt":"2026-08-31T20:05:34","guid":{"rendered":"https:\/\/cdnoticias.com\/?p=213241"},"modified":"2026-08-31T17:05:36","modified_gmt":"2026-08-31T20:05:36","slug":"el-fortin-debuto-con-una-derrota-en-el-torneo-regional-federal-amateur","status":"publish","type":"post","link":"https:\/\/cdnoticias.com\/index.php\/2026\/08\/31\/el-fortin-debuto-con-una-derrota-en-el-torneo-regional-federal-amateur\/","title":{"rendered":"El Fort\u00edn debut\u00f3 con una derrota en el Torneo Regional Federal Amateur"},"content":{"rendered":"\n<p>El equipo olavarriense perdi\u00f3 1-0 ante Argentinos de 25 de Mayo como visitante. Integra la Zona 7 junto a Loma Negra y Estudiantes.<\/p>\n\n\n\n<hr class=\"wp-block-separator aligncenter has-alpha-channel-opacity\"\/>\n\n\n\n<p>El<strong> Fort\u00edn cay\u00f3 1-0 ante Argentinos de 25 de Mayo<\/strong>, en condici\u00f3n de visitante, por la <strong>primera fecha del Torneo Regional Federal Amateur.<\/strong><\/p>\n\n\n\n<p><\/p>\n\n\n\n<blockquote class=\"wp-block-quote is-layout-flow wp-block-quote-is-layout-flow\">\n<p>El equipo olavarriense integra la Zona 7 junto a Loma Negra y Estudiantes, dos equipos de la ciudad que tambi\u00e9n participan de la competencia.<\/p>\n<\/blockquote>\n\n\n\n<p><\/p>\n\n\n\n<p>Tras el debut con derrota, El Fort\u00edn buscar\u00e1 recuperarse en la pr\u00f3xima fecha del certamen.<\/p>\n","protected":false},"excerpt":{"rendered":"<p>El equipo olavarriense perdi\u00f3 1-0 ante Argentinos de 25 de Mayo como visitante. Integra la Zona 7 junto a Loma<\/p>\n","protected":false},"author":6,"featured_media":213243,"comment_status":"closed","ping_status":"closed","sticky":false,"template":"","format":"standard","meta":{"_jetpack_memberships_contains_paid_content":false,"footnotes":""},"categories":[29],"tags":[],"class_list":["post-213241","post","type-post","status-publish","format-standard","has-post-thumbnail","hentry","category-deportes"],"jetpack_featured_media_url":"https:\/\/i0.wp.com\/cdnoticias.com\/wp-content\/uploads\/2026\/08\/elfortin1.png?fit=874%2C481&ssl=1","jetpack_sharing_enabled":true,"_links":{"self":[{"href":"https:\/\/cdnoticias.com\/index.php\/wp-json\/wp\/v2\/posts\/213241","targetHints":{"allow":["GET"]}}],"collection":[{"href":"https:\/\/cdnoticias.com\/index.php\/wp-json\/wp\/v2\/posts"}],"about":[{"href":"https:\/\/cdnoticias.com\/index.php\/wp-json\/wp\/v2\/types\/post"}],"author":[{"embeddable":true,"href":"https:\/\/cdnoticias.com\/index.php\/wp-json\/wp\/v2\/users\/6"}],"replies":[{"embeddable":true,"href":"https:\/\/cdnoticias.com\/index.php\/wp-json\/wp\/v2\/comments?post=213241"}],"version-history":[{"count":0,"href":"https:\/\/cdnoticias.com\/index.php\/wp-json\/wp\/v2\/posts\/213241\/revisions"}],"wp:featuredmedia":[{"embeddable":true,"href":"https:\/\/cdnoticias.com\/index.php\/wp-json\/wp\/v2\/media\/213243"}],"wp:attachment":[{"href":"https:\/\/cdnoticias.com\/index.php\/wp-json\/wp\/v2\/media?parent=213241"}],"wp:term":[{"taxonomy":"category","embeddable":true,"href":"https:\/\/cdnoticias.com\/index.php\/wp-json\/wp\/v2\/categories?post=213241"},{"taxonomy":"post_tag","embeddable":true,"href":"https:\/\/cdnoticias.com\/index.php\/wp-json\/wp\/v2\/tags?post=213241"}],"curies":[{"name":"wp","href":"https:\/\/api.w.org\/{rel}","templated":true}]}}