{"id":213226,"date":"2026-08-31T16:50:51","date_gmt":"2026-08-31T19:50:51","guid":{"rendered":"https:\/\/cdnoticias.com\/?p=213226"},"modified":"2026-08-31T16:50:52","modified_gmt":"2026-08-31T19:50:52","slug":"la-asociacion-de-arbitros-de-olavarria-renovo-su-comision-directiva","status":"publish","type":"post","link":"https:\/\/cdnoticias.com\/index.php\/2026\/08\/31\/la-asociacion-de-arbitros-de-olavarria-renovo-su-comision-directiva\/","title":{"rendered":"La Asociaci\u00f3n de \u00c1rbitros de Olavarr\u00eda renov\u00f3 su comisi\u00f3n directiva"},"content":{"rendered":"\n<p>Marcos Palavecino asumir\u00e1 como presidente y Nicol\u00e1s Rodr\u00edguez ser\u00e1 el vicepresidente. La nueva conducci\u00f3n estar\u00e1 al frente de la instituci\u00f3n durante el pr\u00f3ximo per\u00edodo.<\/p>\n\n\n\n<hr class=\"wp-block-separator aligncenter has-alpha-channel-opacity\"\/>\n\n\n\n<p>La <strong>Asociaci\u00f3n de \u00c1rbitros de Olavarr\u00eda renov\u00f3 sus autoridades de cara al pr\u00f3ximo per\u00edodo <\/strong>y <strong>conform\u00f3 una nueva comisi\u00f3n directiva,<\/strong> que estar\u00e1 al frente de la instituci\u00f3n.<\/p>\n\n\n\n<p><\/p>\n\n\n\n<p><strong>La conducci\u00f3n estar\u00e1 encabezada por Marcos Palavecino como presidente y Nicol\u00e1s Rodr\u00edguez como vicepresidente.<\/strong><\/p>\n\n\n\n<p><\/p>\n\n\n\n<p>La nueva comisi\u00f3n directiva qued\u00f3 conformada de la siguiente manera:<\/p>\n\n\n\n<ul class=\"wp-block-list\">\n<li><strong>Presidente:<\/strong> Marcos Palavecino.<\/li>\n\n\n\n<li><strong>Vicepresidente:<\/strong> Nicol\u00e1s Rodr\u00edguez.<\/li>\n\n\n\n<li><strong>Secretario:<\/strong> Lautaro Bessia.<\/li>\n\n\n\n<li><strong>Tesorero:<\/strong> Juli\u00e1n Figueroa.<\/li>\n\n\n\n<li><strong>Protesorero:<\/strong> Alejandro Scipioni.<\/li>\n\n\n\n<li><strong>Vocales:<\/strong> Emiliano Peralta, Jer\u00f3nimo Navas y Florencia Salguero.<\/li>\n\n\n\n<li><\/li>\n<\/ul>\n\n\n\n<p>La nueva comisi\u00f3n <strong>asumir\u00e1 la conducci\u00f3n durante el pr\u00f3ximo per\u00edodo,<\/strong> con el objetivo de continuar fortaleciendo el trabajo de los \u00e1rbitros de la ciudad.<\/p>\n\n\n\n<p><\/p>\n","protected":false},"excerpt":{"rendered":"<p>Marcos Palavecino asumir\u00e1 como presidente y Nicol\u00e1s Rodr\u00edguez ser\u00e1 el vicepresidente. La nueva conducci\u00f3n estar\u00e1 al frente de la instituci\u00f3n<\/p>\n","protected":false},"author":6,"featured_media":213228,"comment_status":"closed","ping_status":"closed","sticky":false,"template":"","format":"standard","meta":{"_jetpack_memberships_contains_paid_content":false,"footnotes":""},"categories":[29],"tags":[],"class_list":["post-213226","post","type-post","status-publish","format-standard","has-post-thumbnail","hentry","category-deportes"],"jetpack_featured_media_url":"https:\/\/i0.wp.com\/cdnoticias.com\/wp-content\/uploads\/2026\/08\/asociacionarbitros.png?fit=871%2C591&ssl=1","jetpack_sharing_enabled":true,"_links":{"self":[{"href":"https:\/\/cdnoticias.com\/index.php\/wp-json\/wp\/v2\/posts\/213226","targetHints":{"allow":["GET"]}}],"collection":[{"href":"https:\/\/cdnoticias.com\/index.php\/wp-json\/wp\/v2\/posts"}],"about":[{"href":"https:\/\/cdnoticias.com\/index.php\/wp-json\/wp\/v2\/types\/post"}],"author":[{"embeddable":true,"href":"https:\/\/cdnoticias.com\/index.php\/wp-json\/wp\/v2\/users\/6"}],"replies":[{"embeddable":true,"href":"https:\/\/cdnoticias.com\/index.php\/wp-json\/wp\/v2\/comments?post=213226"}],"version-history":[{"count":0,"href":"https:\/\/cdnoticias.com\/index.php\/wp-json\/wp\/v2\/posts\/213226\/revisions"}],"wp:featuredmedia":[{"embeddable":true,"href":"https:\/\/cdnoticias.com\/index.php\/wp-json\/wp\/v2\/media\/213228"}],"wp:attachment":[{"href":"https:\/\/cdnoticias.com\/index.php\/wp-json\/wp\/v2\/media?parent=213226"}],"wp:term":[{"taxonomy":"category","embeddable":true,"href":"https:\/\/cdnoticias.com\/index.php\/wp-json\/wp\/v2\/categories?post=213226"},{"taxonomy":"post_tag","embeddable":true,"href":"https:\/\/cdnoticias.com\/index.php\/wp-json\/wp\/v2\/tags?post=213226"}],"curies":[{"name":"wp","href":"https:\/\/api.w.org\/{rel}","templated":true}]}}