{"id":213222,"date":"2026-08-31T16:30:44","date_gmt":"2026-08-31T19:30:44","guid":{"rendered":"https:\/\/cdnoticias.com\/?p=213222"},"modified":"2026-08-31T17:48:37","modified_gmt":"2026-08-31T20:48:37","slug":"coopelectric-programo-interrupciones-del-servicio-electrico-para-este-martes","status":"publish","type":"post","link":"https:\/\/cdnoticias.com\/index.php\/2026\/08\/31\/coopelectric-programo-interrupciones-del-servicio-electrico-para-este-martes\/","title":{"rendered":"Coopelectric program\u00f3 interrupciones del servicio el\u00e9ctrico para este martes"},"content":{"rendered":"\n<p>Los cortes se realizar\u00e1n de 8 a 12 en tres sectores. Las tareas corresponden a trabajos de mantenimiento y podr\u00edan suspenderse por condiciones clim\u00e1ticas adversas.<\/p>\n\n\n\n<hr class=\"wp-block-separator aligncenter has-alpha-channel-opacity\"\/>\n\n\n\n<p><strong>Coopelectric<\/strong> inform\u00f3 que este <strong>martes 1 de septiembre <\/strong>se realizar\u00e1n<strong> interrupciones programadas del servicio el\u00e9ctrico entre las 8 y las 12.<\/strong><\/p>\n\n\n\n<p><\/p>\n\n\n\n<p><strong>Las tareas, que corresponden a trabajos de mantenimiento, abarcar\u00e1n los siguientes sectores:<\/strong><\/p>\n\n\n\n<ul class=\"wp-block-list\">\n<li><strong>Sector 1:<\/strong> 25 de Mayo \u2013 Rend\u00f3n \u2013 V\u00edas FFCC \u2013 avenida Avellaneda.<\/li>\n\n\n\n<li><strong>Sector 2:<\/strong> 25 de Mayo \u2013 avenida Pueyrred\u00f3n \u2013 V\u00edas FFCC \u2013 Rend\u00f3n.<\/li>\n\n\n\n<li><strong>Sector 3:<\/strong> Av. Pringles \u2013 avenida Avellaneda \u2013 V\u00edas FFCC \u2013 Calle 10.<\/li>\n<\/ul>\n\n\n\n<p><\/p>\n\n\n\n<p>La cooperativa indic\u00f3 que <strong>las interrupciones pueden suspenderse si las condiciones clim\u00e1ticas son adversas<\/strong>. En ese caso, las tareas ser\u00e1n reprogramadas.<\/p>\n\n\n\n<p><\/p>\n","protected":false},"excerpt":{"rendered":"<p>Los cortes se realizar\u00e1n de 8 a 12 en tres sectores. Las tareas corresponden a trabajos de mantenimiento y podr\u00edan<\/p>\n","protected":false},"author":6,"featured_media":41402,"comment_status":"closed","ping_status":"closed","sticky":false,"template":"","format":"standard","meta":{"_jetpack_memberships_contains_paid_content":false,"footnotes":""},"categories":[5,1],"tags":[],"class_list":["post-213222","post","type-post","status-publish","format-standard","has-post-thumbnail","hentry","category-informacion-general","category-portada"],"jetpack_featured_media_url":"https:\/\/i0.wp.com\/cdnoticias.com\/wp-content\/uploads\/2021\/12\/coopelectric-camion1.jpg?fit=1540%2C856&ssl=1","jetpack_sharing_enabled":true,"_links":{"self":[{"href":"https:\/\/cdnoticias.com\/index.php\/wp-json\/wp\/v2\/posts\/213222","targetHints":{"allow":["GET"]}}],"collection":[{"href":"https:\/\/cdnoticias.com\/index.php\/wp-json\/wp\/v2\/posts"}],"about":[{"href":"https:\/\/cdnoticias.com\/index.php\/wp-json\/wp\/v2\/types\/post"}],"author":[{"embeddable":true,"href":"https:\/\/cdnoticias.com\/index.php\/wp-json\/wp\/v2\/users\/6"}],"replies":[{"embeddable":true,"href":"https:\/\/cdnoticias.com\/index.php\/wp-json\/wp\/v2\/comments?post=213222"}],"version-history":[{"count":0,"href":"https:\/\/cdnoticias.com\/index.php\/wp-json\/wp\/v2\/posts\/213222\/revisions"}],"wp:featuredmedia":[{"embeddable":true,"href":"https:\/\/cdnoticias.com\/index.php\/wp-json\/wp\/v2\/media\/41402"}],"wp:attachment":[{"href":"https:\/\/cdnoticias.com\/index.php\/wp-json\/wp\/v2\/media?parent=213222"}],"wp:term":[{"taxonomy":"category","embeddable":true,"href":"https:\/\/cdnoticias.com\/index.php\/wp-json\/wp\/v2\/categories?post=213222"},{"taxonomy":"post_tag","embeddable":true,"href":"https:\/\/cdnoticias.com\/index.php\/wp-json\/wp\/v2\/tags?post=213222"}],"curies":[{"name":"wp","href":"https:\/\/api.w.org\/{rel}","templated":true}]}}