{"id":213218,"date":"2026-08-31T20:07:51","date_gmt":"2026-08-31T23:07:51","guid":{"rendered":"https:\/\/cdnoticias.com\/?p=213218"},"modified":"2026-08-31T20:07:53","modified_gmt":"2026-08-31T23:07:53","slug":"la-mora-con-los-comercios-impacta-fuerte-en-el-interior-bonaerense","status":"publish","type":"post","link":"https:\/\/cdnoticias.com\/index.php\/2026\/08\/31\/la-mora-con-los-comercios-impacta-fuerte-en-el-interior-bonaerense\/","title":{"rendered":"La mora con los comercios impacta fuerte en el interior bonaerense"},"content":{"rendered":"<p>El endeudamiento de familias y empresas alcanza niveles r\u00e9cord, con la mora en comercios dispar\u00e1ndose al 55,17% en la provincia de Buenos Aires. Laprida, entre los municipios con m\u00e1s deuda.<\/p>\n\n\n<hr class=\"wp-block-separator has-alpha-channel-opacity\"\/>\n\n\n\n<!--more-->\n\n\n\n<p><strong>La refinanciaci\u00f3n de empresas y familias que se atrasaron en los pagos de sus deudas est\u00e1 en niveles r\u00e9cord<\/strong>, pero<strong>\u00a0la mora volvi\u00f3 a subir en julio\u00a0<\/strong>despu\u00e9s del leve descenso registrado en junio. En este contexto, los problemas de las familias con cadenas de comercios impactan cada vez m\u00e1s fuerte en el interior bonaerense.<\/p>\n\n\n\n<p id=\"p-1788187148789-38984\"><\/p>\n\n\n\n<blockquote class=\"wp-block-quote is-layout-flow wp-block-quote-is-layout-flow\">\n<p>A julio de este a\u00f1o y en relaci\u00f3n a las compras en&nbsp;comercios, la&nbsp;tasa de mora,&nbsp;que mide el volumen de cr\u00e9ditos atrasados frente al total de pr\u00e9stamos otorgados, se ubic\u00f3 en&nbsp;55,17%&nbsp;en la provincia de Buenos Aires. Mientras que los&nbsp;deudores en mora, las personas f\u00edsicas o jur\u00eddicas que acumulan un retraso en sus pagos, trep\u00f3 a&nbsp;41,1%.<\/p>\n<\/blockquote>\n\n\n\n<p><\/p>\n\n\n\n<p id=\"p-1788187148789-45266\">Los datos que analiz\u00f3 Agencia DIB surgen del&nbsp;<strong>Mapa de la Deuda<\/strong>, elaborado por el&nbsp;<strong>Centro de Estudios para la Ciudad (CEC)<\/strong>&nbsp;y la&nbsp;<strong>Fundaci\u00f3n Friedrich Ebert (FES)<\/strong>&nbsp;sobre la base de la Central de Deudores del&nbsp;<strong>Banco Central.&nbsp;<\/strong><\/p>\n\n\n\n<p id=\"p-1788187148789-45266\"><\/p>\n\n\n\n<blockquote class=\"wp-block-quote is-layout-flow wp-block-quote-is-layout-flow\">\n<p>All\u00ed se detalla que pese a esos porcentajes promedio, hay distritos en el interior bonaerense donde la tasa de mora llega al 80%, entre ellos Laprida.<\/p>\n<\/blockquote>\n\n\n\n<p><\/p>\n\n\n\n<p id=\"p-1788187148789-10072\"><strong>El sector de comercios presenta en la provincia uno de los niveles de morosidad m\u00e1s altos<\/strong>, por encima del de los bancos p\u00fablicos (12,8%), privados (24%) y las Fintech (31,4%). Y el arrastre viene desde hace meses.<\/p>\n\n\n\n<p><\/p>\n\n\n\n<p id=\"p-1788187148789-92530\"><strong>Con la oferta propia de cuotas, las cadenas buscan sostener las ventas<\/strong>&nbsp;especialmente del segmento m\u00e1s bajo, en el que el ingreso de los hogares no alcanza para pagar al contado o no acceden a financiamiento bancario.<\/p>\n\n\n\n<p><\/p>\n\n\n\n<h2 class=\"wp-block-heading\" id=\"p-1788187165837-68312\">Los municipios con m\u00e1s familias con deudas<\/h2>\n\n\n\n<p><\/p>\n\n\n\n<p id=\"p-1788187148789-80785\">Entre los distritos con mayor tasa de mora figuran&nbsp;<strong>Coronel Dorrego<\/strong>&nbsp;60,15%;&nbsp;<strong>Tres Arroyos<\/strong>&nbsp;63,82%;&nbsp;<strong>General Alvarado<\/strong>&nbsp;71,77%;&nbsp;<strong>Benito Ju\u00e1rez<\/strong>&nbsp;73,7%;&nbsp;<strong>Laprida&nbsp;<\/strong>81,15%;&nbsp;<strong>Adolfo Alsina<\/strong>&nbsp;66,57%;&nbsp;<strong>Tapalqu\u00e9&nbsp;<\/strong>68,98%;&nbsp;<strong>Maip\u00fa&nbsp;<\/strong>63,38%;&nbsp;<strong>General Alvear<\/strong>&nbsp;75,69%;&nbsp;<strong>Pellegrini<\/strong>&nbsp;68,7%;&nbsp;<strong>Punta Indio<\/strong>&nbsp;62,99%;&nbsp;<strong>Baradero&nbsp;<\/strong>60,34% y&nbsp;<strong>Campana&nbsp;<\/strong>63,9%.<\/p>\n\n\n\n<p><\/p>\n\n\n\n<p id=\"p-1788187148789-96742\">Dentro del conurbano bonaerense, los municipios con mayor tasa de mora son&nbsp;<strong>Avellaneda&nbsp;<\/strong>69,74%,&nbsp;<strong>Vicente L\u00f3pez<\/strong>&nbsp;70,42%;&nbsp;<strong>San Fernando<\/strong>&nbsp;65,4% y&nbsp;<strong>Lan\u00fas&nbsp;<\/strong>67,96%.<\/p>\n\n\n\n<p><\/p>\n\n\n\n<p id=\"p-1788187148789-60428\">D\u00edas atr\u00e1s, el presidente del Banco Provincia,&nbsp;<strong>Juan Cuattromo<\/strong>, anunci\u00f3 un <strong>programa especial de desendeudamiento denominado \u201cPonete al D\u00eda\u201d<\/strong>, que alcanz\u00f3 a 84.000 clientes con planes de refinanciaci\u00f3n por un total de $344.800 millones, seg\u00fan datos oficiales.<\/p>\n\n\n\n<p><\/p>\n\n\n\n<p>Fuente: <em>Agencia DIB<\/em><\/p>\n","protected":false},"excerpt":{"rendered":"<p>El endeudamiento de familias y empresas alcanza niveles r\u00e9cord, con la mora en comercios dispar\u00e1ndose al 55,17% en la provincia<\/p>\n","protected":false},"author":4,"featured_media":179951,"comment_status":"closed","ping_status":"closed","sticky":false,"template":"","format":"standard","meta":{"_jetpack_memberships_contains_paid_content":false,"footnotes":""},"categories":[6,1],"tags":[],"class_list":["post-213218","post","type-post","status-publish","format-standard","has-post-thumbnail","hentry","category-nacionales","category-portada"],"jetpack_featured_media_url":"https:\/\/i0.wp.com\/cdnoticias.com\/wp-content\/uploads\/2025\/08\/mayorista-e1755641480838.jpg?fit=2200%2C1060&ssl=1","jetpack_sharing_enabled":true,"_links":{"self":[{"href":"https:\/\/cdnoticias.com\/index.php\/wp-json\/wp\/v2\/posts\/213218","targetHints":{"allow":["GET"]}}],"collection":[{"href":"https:\/\/cdnoticias.com\/index.php\/wp-json\/wp\/v2\/posts"}],"about":[{"href":"https:\/\/cdnoticias.com\/index.php\/wp-json\/wp\/v2\/types\/post"}],"author":[{"embeddable":true,"href":"https:\/\/cdnoticias.com\/index.php\/wp-json\/wp\/v2\/users\/4"}],"replies":[{"embeddable":true,"href":"https:\/\/cdnoticias.com\/index.php\/wp-json\/wp\/v2\/comments?post=213218"}],"version-history":[{"count":1,"href":"https:\/\/cdnoticias.com\/index.php\/wp-json\/wp\/v2\/posts\/213218\/revisions"}],"predecessor-version":[{"id":213306,"href":"https:\/\/cdnoticias.com\/index.php\/wp-json\/wp\/v2\/posts\/213218\/revisions\/213306"}],"wp:featuredmedia":[{"embeddable":true,"href":"https:\/\/cdnoticias.com\/index.php\/wp-json\/wp\/v2\/media\/179951"}],"wp:attachment":[{"href":"https:\/\/cdnoticias.com\/index.php\/wp-json\/wp\/v2\/media?parent=213218"}],"wp:term":[{"taxonomy":"category","embeddable":true,"href":"https:\/\/cdnoticias.com\/index.php\/wp-json\/wp\/v2\/categories?post=213218"},{"taxonomy":"post_tag","embeddable":true,"href":"https:\/\/cdnoticias.com\/index.php\/wp-json\/wp\/v2\/tags?post=213218"}],"curies":[{"name":"wp","href":"https:\/\/api.w.org\/{rel}","templated":true}]}}