{"id":213208,"date":"2026-09-03T08:59:49","date_gmt":"2026-09-03T11:59:49","guid":{"rendered":"https:\/\/cdnoticias.com\/?p=213208"},"modified":"2026-09-03T08:59:50","modified_gmt":"2026-09-03T11:59:50","slug":"las-colectividades-de-olavarria-se-reunen-para-celebrar-el-dia-del-inmigrante","status":"publish","type":"post","link":"https:\/\/cdnoticias.com\/index.php\/2026\/09\/03\/las-colectividades-de-olavarria-se-reunen-para-celebrar-el-dia-del-inmigrante\/","title":{"rendered":"Las colectividades de Olavarr\u00eda se re\u00fanen para celebrar el D\u00eda del Inmigrante"},"content":{"rendered":"\n<p>La celebraci\u00f3n ser\u00e1 este domingo 6 de septiembre, de 12 a 21 horas. Habr\u00e1 feria gastron\u00f3mica, m\u00fasica, danzas y una muestra de objetos y trajes t\u00edpicos.<\/p>\n\n\n\n<hr class=\"wp-block-separator has-alpha-channel-opacity\"\/>\n\n\n\n<p>Este <strong>domingo 6 de septiembre<\/strong> se realizar\u00e1 la quinta edici\u00f3n de la<strong> Fiesta del D\u00eda del Inmigrante en el Centro Cultural \u201cSan Jos\u00e9\u201d,<\/strong> organizada conjuntamente por el Municipio de Olavarr\u00eda y la Uni\u00f3n de Colectividades de Olavarr\u00eda.<\/p>\n\n\n\n<p><\/p>\n\n\n\n<p>La jornada<strong> se desarrollar\u00e1 de 12 a 21 horas<\/strong> y contar\u00e1 con<strong> propuestas gastron\u00f3micas de las diferentes colectividades del Partido de Olavarr\u00eda, adem\u00e1s de la participaci\u00f3n de cerveceros locales.<\/strong><\/p>\n\n\n\n<p><\/p>\n\n\n\n<p>Durante el encuentro tambi\u00e9n<strong> habr\u00e1 un escenario con presentaciones de danzas t\u00edpicas y grupos musicales.<\/strong> En el interior del Centro Cultural \u201cSan Jos\u00e9\u201d se podr\u00e1 recorrer una <strong>muestra est\u00e1tica con objetos y trajes t\u00edpicos pertenecientes a las distintas colectividades.<\/strong><\/p>\n\n\n\n<p><\/p>\n\n\n\n<p>La propuesta busca reconocer el trabajo y el legado de las colectividades que forman parte de la historia de Olavarr\u00eda, a trav\u00e9s de una jornada que reunir\u00e1 gastronom\u00eda, m\u00fasica y tradiciones.<\/p>\n\n\n\n<p><\/p>\n\n\n\n<h2 class=\"wp-block-heading\">Cronograma<\/h2>\n\n\n\n<p><\/p>\n\n\n\n<p><strong>Escenario<\/strong><\/p>\n\n\n\n<p><\/p>\n\n\n\n<p>15:15 horas: Grupo Rancho Azinheira (Sociedad Portuguesa).<\/p>\n\n\n\n<p><br>15:30 horas: Grupo de danzas del Centro Vasco.<\/p>\n\n\n\n<p><br>15:45 horas: Grupo de danzas \u201cWir Bringen Freude\u201d (Alemanes Del Volga).<\/p>\n\n\n\n<p><br>16:00 horas: Grupo Ibero Danza, direcci\u00f3n Mar\u00eda Baldini, con danza flamenca (Sociedad Espa\u00f1ola de Socorros Mutuos de Olavarr\u00eda).<\/p>\n\n\n\n<p><br>16:15 horas: Taller de Folclore por Silvia Todesco (Sociedad Espa\u00f1ola de Socorros Mutuos de Olavarr\u00eda).<\/p>\n\n\n\n<p><br>17:30 horas: Escuela de danzas \u201cAlhambra\u201d de Vanesa Prestipino (Sociedad Libanesa).<\/p>\n\n\n\n<p><br>17:45 horas: Danzas de la India por Denisa Laborde (Escuela Municipal de Danzas).<\/p>\n\n\n\n<p><br>18:30 horas: Fraternidad de los Walaychos de Olavarr\u00eda \u2013 Kory Wayra y ballet art\u00edstico Caporales Sangre Morena (Agrupaci\u00f3n y Asociaci\u00f3n Bolivianos).<\/p>\n\n\n\n<p><br>19:30 horas: Grupo de folklore Herederos.<\/p>\n\n\n\n<p><\/p>\n\n\n\n<p><strong>Auditorio<\/strong><\/p>\n\n\n\n<p><\/p>\n\n\n\n<p>16:30 horas: Coro Sociedad Italiana.<\/p>\n\n\n\n<p><br>17:00 horas: M\u00fasica de la Sociedad Francesa, teclado a piano a cargo de Maximiliano Cooper Pondarr\u00e9.<\/p>\n\n\n\n<p><br>18:00 horas: Charla sobre historia de los extranjeros en Olavarr\u00eda. \u201cOrganizaci\u00f3n, institucionalizaci\u00f3n y progreso\u201d, a cargo de Marcos Rodr\u00edguez.<\/p>\n\n\n\n<p><\/p>\n\n\n\n<p><strong>Sala 4<\/strong><\/p>\n\n\n\n<p><\/p>\n\n\n\n<p>Durante toda la jornada se desarrollar\u00e1 \u201cFamily Search\u201d, donde se brindar\u00e1 informaci\u00f3n y asistencia gratuita para descubrir el legado y la historia familiar.<\/p>\n\n\n\n<p><\/p>\n\n\n\n<figure class=\"wp-block-image size-full\"><img data-recalc-dims=\"1\" loading=\"lazy\" decoding=\"async\" width=\"800\" height=\"1000\" src=\"https:\/\/i0.wp.com\/cdnoticias.com\/wp-content\/uploads\/2026\/08\/Fiesta-Dia-del-Inmigrante-2026-819x1024-1.jpeg?resize=800%2C1000&#038;ssl=1\" alt=\"\" class=\"wp-image-213209\" srcset=\"https:\/\/i0.wp.com\/cdnoticias.com\/wp-content\/uploads\/2026\/08\/Fiesta-Dia-del-Inmigrante-2026-819x1024-1.jpeg?w=819&amp;ssl=1 819w, https:\/\/i0.wp.com\/cdnoticias.com\/wp-content\/uploads\/2026\/08\/Fiesta-Dia-del-Inmigrante-2026-819x1024-1.jpeg?resize=240%2C300&amp;ssl=1 240w, https:\/\/i0.wp.com\/cdnoticias.com\/wp-content\/uploads\/2026\/08\/Fiesta-Dia-del-Inmigrante-2026-819x1024-1.jpeg?resize=768%2C960&amp;ssl=1 768w\" sizes=\"auto, (max-width: 800px) 100vw, 800px\" \/><\/figure>\n","protected":false},"excerpt":{"rendered":"<p>La celebraci\u00f3n ser\u00e1 este domingo 6 de septiembre, de 12 a 21 horas. Habr\u00e1 feria gastron\u00f3mica, m\u00fasica, danzas y una<\/p>\n","protected":false},"author":5,"featured_media":182336,"comment_status":"closed","ping_status":"closed","sticky":false,"template":"","format":"standard","meta":{"_jetpack_memberships_contains_paid_content":false,"footnotes":""},"categories":[9,7],"tags":[],"class_list":["post-213208","post","type-post","status-publish","format-standard","has-post-thumbnail","hentry","category-cultura","category-central"],"jetpack_featured_media_url":"https:\/\/i0.wp.com\/cdnoticias.com\/wp-content\/uploads\/2025\/09\/FiestaInmigrante-07.jpg?fit=1024%2C768&ssl=1","jetpack_sharing_enabled":true,"_links":{"self":[{"href":"https:\/\/cdnoticias.com\/index.php\/wp-json\/wp\/v2\/posts\/213208","targetHints":{"allow":["GET"]}}],"collection":[{"href":"https:\/\/cdnoticias.com\/index.php\/wp-json\/wp\/v2\/posts"}],"about":[{"href":"https:\/\/cdnoticias.com\/index.php\/wp-json\/wp\/v2\/types\/post"}],"author":[{"embeddable":true,"href":"https:\/\/cdnoticias.com\/index.php\/wp-json\/wp\/v2\/users\/5"}],"replies":[{"embeddable":true,"href":"https:\/\/cdnoticias.com\/index.php\/wp-json\/wp\/v2\/comments?post=213208"}],"version-history":[{"count":1,"href":"https:\/\/cdnoticias.com\/index.php\/wp-json\/wp\/v2\/posts\/213208\/revisions"}],"predecessor-version":[{"id":213666,"href":"https:\/\/cdnoticias.com\/index.php\/wp-json\/wp\/v2\/posts\/213208\/revisions\/213666"}],"wp:featuredmedia":[{"embeddable":true,"href":"https:\/\/cdnoticias.com\/index.php\/wp-json\/wp\/v2\/media\/182336"}],"wp:attachment":[{"href":"https:\/\/cdnoticias.com\/index.php\/wp-json\/wp\/v2\/media?parent=213208"}],"wp:term":[{"taxonomy":"category","embeddable":true,"href":"https:\/\/cdnoticias.com\/index.php\/wp-json\/wp\/v2\/categories?post=213208"},{"taxonomy":"post_tag","embeddable":true,"href":"https:\/\/cdnoticias.com\/index.php\/wp-json\/wp\/v2\/tags?post=213208"}],"curies":[{"name":"wp","href":"https:\/\/api.w.org\/{rel}","templated":true}]}}