{"id":213205,"date":"2026-08-31T18:50:03","date_gmt":"2026-08-31T21:50:03","guid":{"rendered":"https:\/\/cdnoticias.com\/?p=213205"},"modified":"2026-08-31T18:50:05","modified_gmt":"2026-08-31T21:50:05","slug":"las-v-jornadas-de-turismo-profesionales-en-accion-con-presencia-del-municipio-de-olavarria","status":"publish","type":"post","link":"https:\/\/cdnoticias.com\/index.php\/2026\/08\/31\/las-v-jornadas-de-turismo-profesionales-en-accion-con-presencia-del-municipio-de-olavarria\/","title":{"rendered":"Las V Jornadas de Turismo \u201cProfesionales en Acci\u00f3n\u201d con presencia del Municipio de Olavarr\u00eda"},"content":{"rendered":"<p>El encuentro que reuni\u00f3 a representantes de municipios bonaerenses se concret\u00f3 en Azul. Busc\u00f3 fortalecer el rubro a trav\u00e9s del trabajo articulado entre el sector p\u00fablico, privado y acad\u00e9mico.<\/p>\n\n\n<hr class=\"wp-block-separator has-alpha-channel-opacity\"\/>\n\n\n\n<!--more-->\n\n\n\n<p>Personal de la<strong> Coordinaci\u00f3n de Turismo del Municipio de Olavarr\u00eda <\/strong>estuvo presente en las <strong>V Jornadas \u201cProfesionales en Acci\u00f3n\u201d<\/strong>, organizadas por el <strong>Colegio de Profesionales en Turismo de la Provincia de Buenos Aires<\/strong> en la ciudad de<strong> Azul<\/strong>.<\/p>\n\n\n\n<p><\/p>\n\n\n\n<blockquote class=\"wp-block-quote is-layout-flow wp-block-quote-is-layout-flow\">\n<p>El encuentro se concret\u00f3 el viernes. Tuvo como prop\u00f3sito central \u201cpromover un mayor desarrollo, la profesionalizaci\u00f3n y el posicionamiento de la actividad tur\u00edstica bonaerense mediante el trabajo articulado entre el sector p\u00fablico, privado y acad\u00e9mico\u201d destac\u00f3 la Coordinaci\u00f3n local.<\/p>\n<\/blockquote>\n\n\n\n<p><\/p>\n\n\n\n<p>Durante la jornada se abordaron <strong>tres ejes estrat\u00e9gicos <\/strong>para el crecimiento de la provincia: <em>el turismo como motor del desarrollo local, el desaf\u00edo de la calidad tur\u00edstica y posicionar destinos, atraer viajeros<\/em>.<\/p>\n\n\n\n<p><\/p>\n\n\n\n<p>En el marco del evento, se llev\u00f3 a cabo una <strong>reuni\u00f3n de trabajo junto a directores y autoridades de turismo de distintos municipios de la provincia<\/strong>. All\u00ed se debatieron<strong> l\u00edneas de acci\u00f3n conjuntas <\/strong>con el objetivo prioritario de<strong> profesionalizar la actividad tur\u00edstica <\/strong>en el territorio bonaerense y <strong>potenciar los circuitos regionales<\/strong>.<\/p>\n\n\n\n<p><\/p>\n\n\n\n<p>La iniciativa cont\u00f3 con el aval institucional de la <em>Subsecretar\u00eda de Turismo de la provincia de Buenos Aires, el apoyo de la Municipalidad de Azul, el Centro Empresario de Azul (CEDA) y la Asociaci\u00f3n Empleados de Comercio del Azul (AECA)<\/em>. Asimismo, fue declarada de Inter\u00e9s Comunitario, Educativo y Tur\u00edstico por el Concejo Deliberante de dicho partido.<\/p>\n\n\n\n<p><\/p>\n\n\n\n<blockquote class=\"wp-block-quote is-layout-flow wp-block-quote-is-layout-flow\">\n<p>Desde la Coordinaci\u00f3n de Turismo del Municipio de Olavarr\u00eda, a cargo de Mercedes Silva Quiterio, se destac\u00f3 la importancia de formar parte de estas instancias de construcci\u00f3n colectiva, capacitaci\u00f3n y networking, fundamentales para fortalecer la gesti\u00f3n local e integrar a prestadores, emprendedores, estudiantes y funcionarios en pos del desarrollo regional.<\/p>\n<\/blockquote>\n\n\n\n<p><\/p>\n","protected":false},"excerpt":{"rendered":"<p>El encuentro que reuni\u00f3 a representantes de municipios bonaerenses se concret\u00f3 en Azul. Busc\u00f3 fortalecer el rubro a trav\u00e9s del<\/p>\n","protected":false},"author":4,"featured_media":213206,"comment_status":"closed","ping_status":"closed","sticky":false,"template":"","format":"standard","meta":{"_jetpack_memberships_contains_paid_content":false,"footnotes":""},"categories":[5,1],"tags":[],"class_list":["post-213205","post","type-post","status-publish","format-standard","has-post-thumbnail","hentry","category-informacion-general","category-portada"],"jetpack_featured_media_url":"https:\/\/i0.wp.com\/cdnoticias.com\/wp-content\/uploads\/2026\/08\/Jornadas-de-Turismo-Profesionales.jpg?fit=900%2C501&ssl=1","jetpack_sharing_enabled":true,"_links":{"self":[{"href":"https:\/\/cdnoticias.com\/index.php\/wp-json\/wp\/v2\/posts\/213205","targetHints":{"allow":["GET"]}}],"collection":[{"href":"https:\/\/cdnoticias.com\/index.php\/wp-json\/wp\/v2\/posts"}],"about":[{"href":"https:\/\/cdnoticias.com\/index.php\/wp-json\/wp\/v2\/types\/post"}],"author":[{"embeddable":true,"href":"https:\/\/cdnoticias.com\/index.php\/wp-json\/wp\/v2\/users\/4"}],"replies":[{"embeddable":true,"href":"https:\/\/cdnoticias.com\/index.php\/wp-json\/wp\/v2\/comments?post=213205"}],"version-history":[{"count":1,"href":"https:\/\/cdnoticias.com\/index.php\/wp-json\/wp\/v2\/posts\/213205\/revisions"}],"predecessor-version":[{"id":213307,"href":"https:\/\/cdnoticias.com\/index.php\/wp-json\/wp\/v2\/posts\/213205\/revisions\/213307"}],"wp:featuredmedia":[{"embeddable":true,"href":"https:\/\/cdnoticias.com\/index.php\/wp-json\/wp\/v2\/media\/213206"}],"wp:attachment":[{"href":"https:\/\/cdnoticias.com\/index.php\/wp-json\/wp\/v2\/media?parent=213205"}],"wp:term":[{"taxonomy":"category","embeddable":true,"href":"https:\/\/cdnoticias.com\/index.php\/wp-json\/wp\/v2\/categories?post=213205"},{"taxonomy":"post_tag","embeddable":true,"href":"https:\/\/cdnoticias.com\/index.php\/wp-json\/wp\/v2\/tags?post=213205"}],"curies":[{"name":"wp","href":"https:\/\/api.w.org\/{rel}","templated":true}]}}