{"id":213201,"date":"2026-08-31T12:04:23","date_gmt":"2026-08-31T15:04:23","guid":{"rendered":"https:\/\/cdnoticias.com\/?p=213201"},"modified":"2026-08-31T12:04:25","modified_gmt":"2026-08-31T15:04:25","slug":"la-provincia-aprobo-una-suba-de-hasta-24-en-la-tarifa-de-luz-desde-septiembre","status":"publish","type":"post","link":"https:\/\/cdnoticias.com\/index.php\/2026\/08\/31\/la-provincia-aprobo-una-suba-de-hasta-24-en-la-tarifa-de-luz-desde-septiembre\/","title":{"rendered":"La Provincia aprob\u00f3 una suba de hasta 2,4% en la tarifa de luz desde septiembre"},"content":{"rendered":"\n<p>El ajuste alcanzar\u00e1 a las distribuidoras bonaerenses y cooperativas del interior. Tambi\u00e9n habr\u00e1 una bonificaci\u00f3n para usuarios afectados por un corte en La Plata.<\/p>\n\n\n\n<hr class=\"wp-block-separator has-alpha-channel-opacity\"\/>\n\n\n\n<p>El Gobierno de la provincia de Buenos Aires aprob\u00f3 una <strong>actualizaci\u00f3n de los cuadros tarifarios del servicio el\u00e9ctrico <\/strong>para las distribuidoras Edelap, EDEA, EDEN y EDES, que <strong>impactar\u00e1 desde septiembre en las facturas de los usuarios y en las 200 cooperativas el\u00e9ctricas del interior bonaerense.<\/strong><\/p>\n\n\n\n<p><\/p>\n\n\n\n<p>La medida<strong> fue publicada este lunes en el Bolet\u00edn Oficial mediante la Resoluci\u00f3n 682\/2026<\/strong> del Ministerio de Infraestructura y Servicios P\u00fablicos. Los nuevos valores<strong> contemplan incrementos de entre 1% y 2,4%, tanto en el cargo fijo como en el cargo variable del servicio.<\/strong><\/p>\n\n\n\n<p><\/p>\n\n\n\n<p>La actualizaci\u00f3n responde a dos factores. Por un lado,<strong> contempla una suba del 5,6% en el precio mayorista de la energ\u00eda dispuesta por la Secretar\u00eda de Energ\u00eda de la Naci\u00f3n<\/strong> y vigente desde el 1\u00b0 de agosto. Por otro, <strong>incorpora un ajuste del 1,8% en el valor agregado de distribuci\u00f3n (VAD) correspondiente a septiembre.<\/strong><\/p>\n\n\n\n<p><\/p>\n\n\n\n<blockquote class=\"wp-block-quote is-layout-flow wp-block-quote-is-layout-flow\">\n<p><strong>La combinaci\u00f3n de ambos componentes tendr\u00e1 distinto impacto en las boletas de acuerdo con la condici\u00f3n de los usuarios. <\/strong>Seg\u00fan el detalle oficial, un usuario residencial sin subsidios que consume 150 kWh mensuales pasar\u00e1 de pagar $55.550 a $56.900 por mes, impuestos incluidos. En tanto, un usuario con subsidios que abonaba $37.500 pasar\u00e1 a pagar $38.000 mensuales.<\/p>\n<\/blockquote>\n\n\n\n<p><\/p>\n\n\n\n<p>La Provincia tambi\u00e9n detall\u00f3 c\u00f3mo se compone el valor de las facturas.<strong> El 40% corresponde al costo nacional de la energ\u00eda, el 33% a los ingresos de las distribuidoras \u2014incluido el Agregado Tarifario destinado a obras\u2014 y el 27% restante a impuestos nacionales y provinciales.<\/strong><\/p>\n\n\n\n<p><\/p>\n\n\n\n<p><strong>Recomendaci\u00f3n para cuidar el consumo<\/strong><\/p>\n\n\n\n<p><\/p>\n\n\n\n<p>Ante la actualizaci\u00f3n tarifaria, las autoridades bonaerenses advirtieron sobre el impacto que puede tener el aumento del consumo el\u00e9ctrico en los hogares, especialmente durante el invierno y en viviendas que utilizan electricidad para calefaccionarse.<\/p>\n\n\n\n<p><\/p>\n\n\n\n<p>En ese sentido, se\u00f1alaron que un mayor consumo puede modificar el monto final de las facturas cuando los usuarios superan determinados niveles y cambian de categor\u00eda.<\/p>\n\n\n\n<p><\/p>\n\n\n\n<p>Para consultar el impacto del consumo, el Gobierno provincial puso a disposici\u00f3n un<a href=\"https:\/\/www.minfra.gba.gob.ar\/peba\/simulador-facturacion-electrica\" data-type=\"link\" data-id=\"https:\/\/www.minfra.gba.gob.ar\/peba\/simulador-facturacion-electrica\"> <strong>simulador de facturaci\u00f3n <\/strong><\/a>que permite estimar el monto de la factura y conocer la composici\u00f3n del valor final del servicio.<\/p>\n\n\n\n<p><\/p>\n\n\n\n<p>La herramienta forma parte del<a href=\"https:\/\/www.minfra.gba.gob.ar\/peba\/\" data-type=\"link\" data-id=\"https:\/\/www.minfra.gba.gob.ar\/peba\/\"> Portal Energ\u00e9tico de la Provincia de Buenos Aires (PEBA)<\/a>, que adem\u00e1s permite identificar rangos de consumo y consultar, visualizar y descargar estad\u00edsticas actualizadas sobre demanda el\u00e9ctrica, generaci\u00f3n por fuente, energ\u00edas renovables, infraestructura energ\u00e9tica, eficiencia energ\u00e9tica y generaci\u00f3n distribuida.<\/p>\n\n\n\n<p><\/p>\n\n\n\n<p><strong>Bonificaci\u00f3n para usuarios de Edelap<\/strong><\/p>\n\n\n\n<p><\/p>\n\n\n\n<p>La resoluci\u00f3n tambi\u00e9n establece una medida espec\u00edfica para<strong> usuarios de Edelap afectados por la salida de servicio de la Estaci\u00f3n Transformadora Tolosa 132 kV, ocurrida el 17 de agosto en la ciudad de La Plata y que dej\u00f3 sin suministro a unas 65.000 personas.<\/strong><\/p>\n\n\n\n<p><\/p>\n\n\n\n<p>La distribuidora <strong>deber\u00e1 aplicar en la pr\u00f3xima factura una bonificaci\u00f3n equivalente al 20% de los conceptos el\u00e9ctricos facturados por cada 24 horas sin suministro <\/strong>a los usuarios alcanzados por el episodio.<\/p>\n\n\n\n<p><\/p>\n\n\n\n<p><strong>Cuando la interrupci\u00f3n haya sido menor o mayor a ese per\u00edodo, la bonificaci\u00f3n se calcular\u00e1 a raz\u00f3n de 0,80% <\/strong>por cada hora sin servicio, hasta la restituci\u00f3n normal del suministro.<\/p>\n\n\n\n<p><\/p>\n\n\n\n<p>Adem\u00e1s, la resoluci\u00f3n dispone que Edelap deber\u00e1 dar un tratamiento \u00e1gil a los reclamos por resarcimiento de da\u00f1os presentados por los usuarios afectados por ese corte.<\/p>\n\n\n\n<p><\/p>\n\n\n\n<p><em><strong>Fuente: Agencia DIB<\/strong><\/em><\/p>\n","protected":false},"excerpt":{"rendered":"<p>El ajuste alcanzar\u00e1 a las distribuidoras bonaerenses y cooperativas del interior. Tambi\u00e9n habr\u00e1 una bonificaci\u00f3n para usuarios afectados por un<\/p>\n","protected":false},"author":5,"featured_media":134040,"comment_status":"closed","ping_status":"closed","sticky":false,"template":"","format":"standard","meta":{"_jetpack_memberships_contains_paid_content":false,"footnotes":""},"categories":[7,6],"tags":[],"class_list":["post-213201","post","type-post","status-publish","format-standard","has-post-thumbnail","hentry","category-central","category-nacionales"],"jetpack_featured_media_url":"https:\/\/i0.wp.com\/cdnoticias.com\/wp-content\/uploads\/2025\/01\/DIB-luz-focos-electricidad.jpg?fit=630%2C420&ssl=1","jetpack_sharing_enabled":true,"_links":{"self":[{"href":"https:\/\/cdnoticias.com\/index.php\/wp-json\/wp\/v2\/posts\/213201","targetHints":{"allow":["GET"]}}],"collection":[{"href":"https:\/\/cdnoticias.com\/index.php\/wp-json\/wp\/v2\/posts"}],"about":[{"href":"https:\/\/cdnoticias.com\/index.php\/wp-json\/wp\/v2\/types\/post"}],"author":[{"embeddable":true,"href":"https:\/\/cdnoticias.com\/index.php\/wp-json\/wp\/v2\/users\/5"}],"replies":[{"embeddable":true,"href":"https:\/\/cdnoticias.com\/index.php\/wp-json\/wp\/v2\/comments?post=213201"}],"version-history":[{"count":1,"href":"https:\/\/cdnoticias.com\/index.php\/wp-json\/wp\/v2\/posts\/213201\/revisions"}],"predecessor-version":[{"id":213204,"href":"https:\/\/cdnoticias.com\/index.php\/wp-json\/wp\/v2\/posts\/213201\/revisions\/213204"}],"wp:featuredmedia":[{"embeddable":true,"href":"https:\/\/cdnoticias.com\/index.php\/wp-json\/wp\/v2\/media\/134040"}],"wp:attachment":[{"href":"https:\/\/cdnoticias.com\/index.php\/wp-json\/wp\/v2\/media?parent=213201"}],"wp:term":[{"taxonomy":"category","embeddable":true,"href":"https:\/\/cdnoticias.com\/index.php\/wp-json\/wp\/v2\/categories?post=213201"},{"taxonomy":"post_tag","embeddable":true,"href":"https:\/\/cdnoticias.com\/index.php\/wp-json\/wp\/v2\/tags?post=213201"}],"curies":[{"name":"wp","href":"https:\/\/api.w.org\/{rel}","templated":true}]}}