{"id":213198,"date":"2026-08-31T10:55:27","date_gmt":"2026-08-31T13:55:27","guid":{"rendered":"https:\/\/cdnoticias.com\/?p=213198"},"modified":"2026-08-31T10:55:30","modified_gmt":"2026-08-31T13:55:30","slug":"condena-de-mas-de-11-anos-de-prision-para-el-hombre-que-asesino-a-un-olavarriense-en-tapalque","status":"publish","type":"post","link":"https:\/\/cdnoticias.com\/index.php\/2026\/08\/31\/condena-de-mas-de-11-anos-de-prision-para-el-hombre-que-asesino-a-un-olavarriense-en-tapalque\/","title":{"rendered":"Condena de m\u00e1s de 11 a\u00f1os de prisi\u00f3n para el hombre que asesin\u00f3 a un olavarriense en Tapalqu\u00e9"},"content":{"rendered":"<p>Se dict\u00f3 en un juicio abreviado realizado en Azul. El caso ocurri\u00f3 en enero de 2024 en el Balneario de Tapalqu\u00e9. La v\u00edctima estuvo internada varias semanas en Olavarr\u00eda.<\/p>\n\n\n<hr class=\"wp-block-separator has-alpha-channel-opacity\"\/>\n\n\n\n<!--more-->\n\n\n\n<p>Un<strong> fallo condenatorio<\/strong> se dict\u00f3 para el <strong>hombre de Tapalqu\u00e9 imputado<\/strong> por haber efectuado el <a href=\"https:\/\/cdnoticias.com\/index.php\/2024\/01\/28\/un-olavarriense-fue-baleado-en-tapalque\/\" target=\"_blank\" rel=\"noreferrer noopener\">disparo que deriv\u00f3 en la<\/a><strong><a href=\"https:\/\/cdnoticias.com\/index.php\/2024\/01\/28\/un-olavarriense-fue-baleado-en-tapalque\/\" target=\"_blank\" rel=\"noreferrer noopener\"> muerte de un olavarriense en 2024<\/a>.<\/strong><\/p>\n\n\n\n<p><\/p>\n\n\n\n<blockquote class=\"wp-block-quote is-layout-flow wp-block-quote-is-layout-flow\">\n<p>Mat\u00edas Gast\u00f3n Preve, de 41 a\u00f1os, fue condenado a 11 a\u00f1os y 8 meses de prisi\u00f3n por \u201chomicidio agravado por el uso de arma de fuego en concurso real con portaci\u00f3n ilegal de arma de fuego de uso civil\u201d en el juicio abreviado realizado en el Tribunal Oral en lo Criminal n\u00famero 1 de Azul a cargo del juez Mart\u00edn Viceconte.<\/p>\n<\/blockquote>\n\n\n\n<p><\/p>\n\n\n\n<p>Intervinieron el <strong>fiscal que investig\u00f3 el caso, Cristian Citterio<\/strong> de la UFI N\u00ba 20, y el <strong>abogado Gustavo Noseda Edgell, defensor particular <\/strong>del encausado.<\/p>\n\n\n\n<p><\/p>\n\n\n\n<p>El<strong> monto de la sanci\u00f3n <\/strong>para el agresor fue el mismo que <strong>convinieron su Defensa y el Fiscal<\/strong>, en la previa a que el representante de la Acusaci\u00f3n presentara ante el TOC 1 el pedido formal para la sustanciaci\u00f3n del juicio abreviado.<\/p>\n\n\n\n<p><\/p>\n\n\n\n<figure class=\"wp-block-image size-full\"><img data-recalc-dims=\"1\" loading=\"lazy\" decoding=\"async\" width=\"800\" height=\"445\" src=\"https:\/\/i0.wp.com\/cdnoticias.com\/wp-content\/uploads\/2024\/03\/tapalque-disparo-olavarriense.jpeg?resize=800%2C445&#038;ssl=1\" alt=\"\" class=\"wp-image-111536\" srcset=\"https:\/\/i0.wp.com\/cdnoticias.com\/wp-content\/uploads\/2024\/03\/tapalque-disparo-olavarriense.jpeg?w=800&amp;ssl=1 800w, https:\/\/i0.wp.com\/cdnoticias.com\/wp-content\/uploads\/2024\/03\/tapalque-disparo-olavarriense.jpeg?resize=300%2C167&amp;ssl=1 300w, https:\/\/i0.wp.com\/cdnoticias.com\/wp-content\/uploads\/2024\/03\/tapalque-disparo-olavarriense.jpeg?resize=768%2C427&amp;ssl=1 768w\" sizes=\"auto, (max-width: 800px) 100vw, 800px\" \/><\/figure>\n\n\n\n<p><\/p>\n\n\n\n<h2 class=\"wp-block-heading\">El fallo<\/h2>\n\n\n\n<p><\/p>\n\n\n\n<p>El <strong>26 de enero de 2024<\/strong>, en el <strong>Balneario de Tapalqu\u00e9<\/strong> el encausado le<strong> dispar\u00f3 con una carabina a un grupo de personas<\/strong>, lesionando a un hombre identificado como <strong>Ricardo Roberto Mart\u00ednez, de 66 a\u00f1os, domiciliado en Olavarr\u00eda.<\/strong><\/p>\n\n\n\n<p><\/p>\n\n\n\n<p>En el juicio qued\u00f3 demostrado este suceso. Seg\u00fan se reconstruy\u00f3, <strong>Mat\u00edas Gast\u00f3n Preve &#8220;mantuvo un altercado&#8221; con un grupo de personas <\/strong>que se hab\u00edan juntado a comer un asado en el balneario de la vecina ciudad. Y ante lo sucedido, a uno de los presentes le<strong> advirti\u00f3 que se fuera del paseo p\u00fablico porque \u00e9l iba &#8220;a buscar un fierro&#8221; y a regresar armado<\/strong>. Instantes m\u00e1s tarde volvi\u00f3 acompa\u00f1ado por uno de sus hijos en un Ford Fiesta. Y del interior de ese auto, tras bajar una de las ventanillas, <strong>desde corta distancia efectu\u00f3 disparos<\/strong> hacia todas esas personas con las que hasta un rato antes estuvo reunido. <strong>\u201cDesde el interior del veh\u00edculo efectu\u00f3 dos disparos con un arma de fuego tipo carabina calibre 22\u201d <\/strong>detall\u00f3 el fallo.<\/p>\n\n\n\n<p><\/p>\n\n\n\n<blockquote class=\"wp-block-quote is-layout-flow wp-block-quote-is-layout-flow\">\n<p>La v\u00edctima result\u00f3 con una herida en uno de sus gl\u00fateos y las complicaciones que sufri\u00f3, porque nunca pudieron extraerle el proyectil, derivaron en su deceso el 13 de marzo de aquel mismo a\u00f1o, mientras permanec\u00eda en el Hospital \u201cH\u00e9ctor M. Cura\u201d de Olavarr\u00eda.<\/p>\n<\/blockquote>\n\n\n\n<p><\/p>\n\n\n\n<figure class=\"wp-block-embed is-type-wp-embed is-provider-central-de-noticias-olavarr-a wp-block-embed-central-de-noticias-olavarr-a\"><div class=\"wp-block-embed__wrapper\">\n<blockquote class=\"wp-embedded-content\" data-secret=\"v1A2EByeg8\"><a href=\"https:\/\/cdnoticias.com\/index.php\/2024\/03\/15\/murio-el-olavarriense-baleado-en-el-balneario-de-tapalque\/\">Muri\u00f3 el olavarriense baleado en el Balneario de Tapalqu\u00e9<\/a><\/blockquote><iframe loading=\"lazy\" class=\"wp-embedded-content\" sandbox=\"allow-scripts\" security=\"restricted\" style=\"position: absolute; visibility: hidden;\" title=\"&#8220;Muri\u00f3 el olavarriense baleado en el Balneario de Tapalqu\u00e9&#8221; &#8212; Central de Noticias | Olavarr\u00eda\" src=\"https:\/\/cdnoticias.com\/index.php\/2024\/03\/15\/murio-el-olavarriense-baleado-en-el-balneario-de-tapalque\/embed\/#?secret=SEanG7KCrI#?secret=v1A2EByeg8\" data-secret=\"v1A2EByeg8\" width=\"600\" height=\"338\" frameborder=\"0\" marginwidth=\"0\" marginheight=\"0\" scrolling=\"no\"><\/iframe>\n<\/div><\/figure>\n\n\n\n<p><\/p>\n\n\n\n<p>En el fallo del TOC 1 se consider\u00f3 como atenuante, que hasta el momento <strong>Preve no registraba antecedentes penales computables<\/strong>. En tanto, como agravante el juez Viceconte se\u00f1al\u00f3 que <strong>\u201cel hecho fue cometido en horas de la noche<\/strong>, lo que dificulta el auxilio de la v\u00edctima en vistas a la l\u00f3gica disminuci\u00f3n del personal m\u00e9dico y de enfermer\u00eda que hace la cobertura de dicho turno\u201d. Tambi\u00e9n, \u201cel menor grado de respuesta de la v\u00edctima ante el avance del autom\u00f3vil del agresor, producto de la inferior visibilidad que impidiera visibilizar la presencia de un arma hasta que el mismo -escribi\u00f3 Viceconte en el fallo al aludir al accionar de Preve- se encontr\u00f3 a una corta distancia del grupo de personas sobre el cual dispar\u00f3\u201d.<\/p>\n\n\n\n<p><\/p>\n\n\n\n<p>Sobre esos aspectos, el magistrado defini\u00f3 que <strong>\u201cencuentro debidamente acreditado el resultado mortal como obra del causante<\/strong>, a partir de la realizaci\u00f3n del riesgo previamente creado por \u00e9ste con los disparos efectuados desde el interior del rodado que conduc\u00eda&#8221;. Refiri\u00f3 que \u201cla acci\u00f3n llevada a cabo tiene la entidad suficiente -apreciado ello desde la \u00f3ptica de un tercero imparcial- para la generaci\u00f3n del resultado t\u00edpico del delito intimado\u201d y apunt\u00f3 al tipo de arma de fuego utilizada, la corta distancia a la cual se efectu\u00f3 el disparo y que busc\u00f3 impactar sobre el cuerpo de la v\u00edctima.<\/p>\n\n\n\n<p><\/p>\n\n\n\n<p>De esa manera, lo sucedido qued\u00f3 encuadrado bajo la figura penal de un homicidio. Tras deslindar responsabilidades de las actuaciones del personal de salud, el juez a\u00f1adi\u00f3 que <strong>\u201cel deceso de la v\u00edctima se advierte como consecuencia de complicaciones de salud inescindiblemente ligadas al evento originario\u201d<\/strong>.<\/p>\n\n\n\n<p><\/p>\n\n\n\n<p>Adem\u00e1s, el juez Viceconte consider\u00f3 que el accionar de Preve revelaba que<strong> tuvo la intenci\u00f3n de llevar a cabo el crimen<\/strong>. \u201cConcretamente, tomo en consideraci\u00f3n la propia expresi\u00f3n del causante colectada por testigos presenciales, quienes dieron cuenta que el mismo <strong>anunci\u00f3 volver al lugar portando un arma<\/strong>; circunstancia que concret\u00f3 para as\u00ed efectuar los disparos. Tambi\u00e9n valoro especialmente la situaci\u00f3n inmediata anterior que resulta acreditativa del dolo homicida; ello pues, los testigos dan debida cuenta de c\u00f3mo el mismo se aproxim\u00f3 hasta una distancia cercana, a muy escasa velocidad, de lo que extraigo que<strong> su intenci\u00f3n no fue efectuar disparos al aire s\u00f3lo para amedrentar a los all\u00ed presentes, sino de abrir fuego contra estos con el deliberado prop\u00f3sito de impactarlos<\/strong>, quedando ello expuesto en la realizaci\u00f3n ya no de una \u00fanica detonaci\u00f3n sino en la reiteraci\u00f3n de las mismas (pues dispar\u00f3 en dos oportunidades)&#8221; , puede leerse tambi\u00e9n en lo resuelto.<\/p>\n\n\n\n<p><\/p>\n\n\n\n<p>Fuente: <em>Diario El Tiempo<\/em><\/p>\n\n\n\n<p><\/p>\n","protected":false},"excerpt":{"rendered":"<p>Se dict\u00f3 en un juicio abreviado realizado en Azul. El caso ocurri\u00f3 en enero de 2024 en el Balneario de<\/p>\n","protected":false},"author":4,"featured_media":3058,"comment_status":"closed","ping_status":"closed","sticky":false,"template":"","format":"standard","meta":{"_jetpack_memberships_contains_paid_content":false,"footnotes":""},"categories":[7,14],"tags":[],"class_list":["post-213198","post","type-post","status-publish","format-standard","has-post-thumbnail","hentry","category-central","category-policiales"],"jetpack_featured_media_url":"https:\/\/i0.wp.com\/cdnoticias.com\/wp-content\/uploads\/2020\/10\/28022016_07_poder-e1601676895152.jpg?fit=526%2C335&ssl=1","jetpack_sharing_enabled":true,"_links":{"self":[{"href":"https:\/\/cdnoticias.com\/index.php\/wp-json\/wp\/v2\/posts\/213198","targetHints":{"allow":["GET"]}}],"collection":[{"href":"https:\/\/cdnoticias.com\/index.php\/wp-json\/wp\/v2\/posts"}],"about":[{"href":"https:\/\/cdnoticias.com\/index.php\/wp-json\/wp\/v2\/types\/post"}],"author":[{"embeddable":true,"href":"https:\/\/cdnoticias.com\/index.php\/wp-json\/wp\/v2\/users\/4"}],"replies":[{"embeddable":true,"href":"https:\/\/cdnoticias.com\/index.php\/wp-json\/wp\/v2\/comments?post=213198"}],"version-history":[{"count":1,"href":"https:\/\/cdnoticias.com\/index.php\/wp-json\/wp\/v2\/posts\/213198\/revisions"}],"predecessor-version":[{"id":213202,"href":"https:\/\/cdnoticias.com\/index.php\/wp-json\/wp\/v2\/posts\/213198\/revisions\/213202"}],"wp:featuredmedia":[{"embeddable":true,"href":"https:\/\/cdnoticias.com\/index.php\/wp-json\/wp\/v2\/media\/3058"}],"wp:attachment":[{"href":"https:\/\/cdnoticias.com\/index.php\/wp-json\/wp\/v2\/media?parent=213198"}],"wp:term":[{"taxonomy":"category","embeddable":true,"href":"https:\/\/cdnoticias.com\/index.php\/wp-json\/wp\/v2\/categories?post=213198"},{"taxonomy":"post_tag","embeddable":true,"href":"https:\/\/cdnoticias.com\/index.php\/wp-json\/wp\/v2\/tags?post=213198"}],"curies":[{"name":"wp","href":"https:\/\/api.w.org\/{rel}","templated":true}]}}