{"id":213197,"date":"2026-08-31T13:22:11","date_gmt":"2026-08-31T16:22:11","guid":{"rendered":"https:\/\/cdnoticias.com\/?p=213197"},"modified":"2026-08-31T13:22:14","modified_gmt":"2026-08-31T16:22:14","slug":"cerro-negro-retomo-la-produccion-de-ladrillos-tras-mas-de-dos-meses-de-paralizacion","status":"publish","type":"post","link":"https:\/\/cdnoticias.com\/index.php\/2026\/08\/31\/cerro-negro-retomo-la-produccion-de-ladrillos-tras-mas-de-dos-meses-de-paralizacion\/","title":{"rendered":"Cerro Negro retom\u00f3 la producci\u00f3n de ladrillos tras m\u00e1s de dos meses de paralizaci\u00f3n"},"content":{"rendered":"\n<p>El reinicio se acord\u00f3 entre la empresa y Soeco. Bustamante advirti\u00f3 por la ca\u00edda de la construcci\u00f3n y cuestion\u00f3 las pol\u00edticas econ\u00f3micas del Gobierno nacional.<\/p>\n\n\n\n<hr class=\"wp-block-separator has-alpha-channel-opacity\"\/>\n\n\n\n<p>La <strong>producci\u00f3n de ladrillos en la empresa Cerro Negro se reinici\u00f3 este lunes<\/strong>, luego de m\u00e1s de 60 d\u00edas de paralizaci\u00f3n, en el marco de un acuerdo alcanzado entre la firma y el Sindicato Obrero Ceramista de Olavarr\u00eda (Soeco).<\/p>\n\n\n\n<p><\/p>\n\n\n\n<p>El <strong>secretario general del gremio, Gustavo Bustamante<\/strong>, destac\u00f3 la importancia del reinicio durante una entrevista con el<strong> programa Levantate, de Radio Sapiens. \u201cDespu\u00e9s de m\u00e1s de 60 d\u00edas volver a tener la planta en marcha hoy es muy importante. Nos trae un poco de tranquilidad\u201d,<\/strong> expres\u00f3.<\/p>\n\n\n\n<p><\/p>\n\n\n\n<p>El dirigente aclar\u00f3 que la situaci\u00f3n actual no responde a los mismos motivos de otras paradas de planta registradas en a\u00f1os anteriores. \u201cNo tenemos que olvidarnos que no es que Cerro Negro arranque porque est\u00e1 desesperado por producir\u201d, sostuvo, y explic\u00f3 que \u201ctodos los a\u00f1os Cerro Negro viene parando sus plantas, pero la mayor\u00eda de los a\u00f1os lo hab\u00eda hecho por el problema de gas\u201d.<\/p>\n\n\n\n<p><\/p>\n\n\n\n<p><strong>\u201cAc\u00e1 no es problema de gas, ac\u00e1 es problema que no se puede vender todo lo que produce\u201d<\/strong>, afirm\u00f3 Bustamante. En ese sentido, se\u00f1al\u00f3 que la empresa contaba con material suficiente como para mantener la planta paralizada durante \u201cdos o tres meses m\u00e1s\u201d.<\/p>\n\n\n\n<p><\/p>\n\n\n\n<p>Respecto del <strong>estado del horno<\/strong>, el secretario general de Soeco asegur\u00f3 que <strong>\u201cest\u00e1 en perfectas condiciones\u201d. <\/strong>Explic\u00f3 que, unos 15 d\u00edas antes del reinicio, los trabajadores del \u00e1rea de mantenimiento ya hab\u00edan comenzado a poner la maquinaria en funcionamiento.<\/p>\n\n\n\n<p><\/p>\n\n\n\n<p>\u201cEl horno estaba para arrancar primero para seguir funcionando y despu\u00e9s de la parada est\u00e1 bien para volver a arrancar\u201d, indic\u00f3.<\/p>\n\n\n\n<p><\/p>\n\n\n\n<p>Bustamante consider\u00f3 que <strong>Cerro Negro \u201cse ha preparado para mantener la producci\u00f3n\u201d <\/strong>y diferenci\u00f3 la situaci\u00f3n de los distintos sectores de la empresa. <strong>\u201cNos preocupa mucho lo que es ladrillo, en piso Cerro Negro est\u00e1 muy bien\u201d<\/strong>, afirm\u00f3, aunque advirti\u00f3 sobre la posibilidad de que el escenario empeore si contin\u00faa profundiz\u00e1ndose la ca\u00edda de la actividad.<\/p>\n\n\n\n<p><\/p>\n\n\n\n<blockquote class=\"wp-block-quote is-layout-flow wp-block-quote-is-layout-flow\">\n<p>En relaci\u00f3n con los posibles despidos, sostuvo que \u201csi tenemos que hablar de algo referido a despidos, vamos a hablarlo a fin de a\u00f1o o los primeros meses del a\u00f1o que viene\u201d.<\/p>\n<\/blockquote>\n\n\n\n<p><\/p>\n\n\n\n<p>El dirigente tambi\u00e9n <strong>manifest\u00f3 su preocupaci\u00f3n por la evoluci\u00f3n de la construcci\u00f3n.<\/strong> \u201cLa construcci\u00f3n est\u00e1 cayendo mes a mes, est\u00e1 cayendo y no vemos una reactivaci\u00f3n ni cerca ni a largo plazo\u201d, afirm\u00f3.<\/p>\n\n\n\n<p><\/p>\n\n\n\n<p>Bustamante <strong>cuestion\u00f3 adem\u00e1s la reforma laboral impulsada por el Gobierno nacional.<\/strong> \u201cLa reforma laboral no va a generar puestos de trabajo\u201d, sostuvo, y agreg\u00f3: \u201cDe hecho, despu\u00e9s de que sali\u00f3 la reforma laboral, han seguido cerrando f\u00e1bricas y despidiendo a trabajadores\u201d.<\/p>\n\n\n\n<p><\/p>\n\n\n\n<blockquote class=\"wp-block-quote is-layout-flow wp-block-quote-is-layout-flow\">\n<p>\u201cEso es todo verso. No va a haber puestos de trabajo, no va a haber empresas que inviertan en la Argentina\u201d, afirm\u00f3.<\/p>\n<\/blockquote>\n\n\n\n<p><\/p>\n\n\n\n<p>En ese marco, <strong>cuestion\u00f3 la apertura de importaciones y reclam\u00f3 una mayor intervenci\u00f3n estatal.<\/strong> \u201cNo hay forma de que esto se recupere con las pol\u00edticas de este gobierno\u201d, sostuvo. \u201cSi no ten\u00e9s un Estado presente, si no le das importancia a la industria nacional y te dedic\u00e1s solamente a la apertura de las importaciones, que entre todo lo que sea de afuera, esto en alg\u00fan momento se va a terminar\u201d, expres\u00f3.<\/p>\n\n\n\n<p><\/p>\n\n\n\n<p>Para Bustamante,<strong> la recuperaci\u00f3n de la econom\u00eda deber\u00eda estar vinculada con una mejora de los ingresos de los trabajadores.<\/strong> \u201cSi los salarios est\u00e1n cayendo, si no hay puestos de trabajo, en alg\u00fan momento no vas a vender\u201d, afirm\u00f3. Y agreg\u00f3: \u201cSi uno reactiva la econom\u00eda, \u00bfc\u00f3mo la va a poder reactivar? Poni\u00e9ndole plata al bolsillo a los trabajadores\u201d.<\/p>\n\n\n\n<p><\/p>\n\n\n\n<p><strong>Las cr\u00edticas a Rapallini<\/strong><\/p>\n\n\n\n<p><\/p>\n\n\n\n<p>Durante la entrevista,<strong> Bustamante tambi\u00e9n cuestion\u00f3 al presidente de la Uni\u00f3n Industrial Argentina (UIA), Mart\u00edn Rapallini,<\/strong> quien adem\u00e1s es propietario de Cer\u00e1mica Alberdi.<\/p>\n\n\n\n<p><\/p>\n\n\n\n<p>\u201cY lo escuch\u00e9 a Mart\u00edn Rapallini, el presidente de la UIA, due\u00f1o de la f\u00e1brica Alberdi. <strong>No lo veo preocupado por la industria<\/strong>\u201d, manifest\u00f3.<\/p>\n\n\n\n<p><\/p>\n\n\n\n<p>A continuaci\u00f3n, el dirigente gremial hizo referencia a un episodio que, seg\u00fan afirm\u00f3, ocurri\u00f3 la semana pasada en Cer\u00e1mica Alberdi: \u201cUn trabajador de Alberdi se quiso quitar la vida dentro de la f\u00e1brica por las pol\u00edticas de Mart\u00edn Rapallini, el presidente de la UIA, due\u00f1o de Alberdi\u201d.<\/p>\n\n\n\n<p><\/p>\n\n\n\n<p>Bustamante <strong>vincul\u00f3 ese episodio con el contexto laboral y econ\u00f3mico que atraviesan los trabajadores <\/strong>y afirm\u00f3: \u201cEntonces, ya empezamos a tener muertos en la calle, cosa que el presidente dec\u00eda que todav\u00eda no hay muertos en la calle. S\u00ed, ya empezamos a ver muertos en la calle por el tema de la desocupaci\u00f3n\u201d.<\/p>\n\n\n\n<p><\/p>\n\n\n\n<blockquote class=\"wp-block-quote is-layout-flow wp-block-quote-is-layout-flow\">\n<p>Finalmente, el secretario general de Soeco sostuvo que los trabajadores \u201cno vemos nada positivo y no tenemos nada para festejar\u201d. Afirm\u00f3 que durante los \u00faltimos dos a\u00f1os observaron \u201cdespidos y cierre de f\u00e1brica y cierre de pyme\u201d y asegur\u00f3 que en Olavarr\u00eda \u201ctenemos m\u00e1s de 3.500 puestos de trabajo perdidos\u201d.<\/p>\n<\/blockquote>\n\n\n\n<p><\/p>\n\n\n\n<p><strong>Tambi\u00e9n describi\u00f3 un escenario de endeudamiento entre los trabajadores. \u201cLa gente est\u00e1 endeudada. En Cerro Negro esto nunca lo viv\u00ed, trabajadores que est\u00e1n saliendo de la f\u00e1brica a hacer de Uber\u201d, afirm\u00f3.<\/strong><\/p>\n\n\n\n<p><\/p>\n\n\n\n<p>Seg\u00fan Bustamante, algunos empleados \u201csalen a tener dos o tres trabajos para poder pagar las deudas que tienen\u201d. Y concluy\u00f3:<strong> \u201cEsto es trist\u00edsimo lo que estamos viviendo. Es muy, muy jodido\u201d.<\/strong><\/p>\n\n\n\n<p><\/p>\n","protected":false},"excerpt":{"rendered":"<p>El reinicio se acord\u00f3 entre la empresa y Soeco. Bustamante advirti\u00f3 por la ca\u00edda de la construcci\u00f3n y cuestion\u00f3 las<\/p>\n","protected":false},"author":5,"featured_media":169047,"comment_status":"closed","ping_status":"closed","sticky":false,"template":"","format":"standard","meta":{"_jetpack_memberships_contains_paid_content":false,"footnotes":""},"categories":[5,7],"tags":[],"class_list":["post-213197","post","type-post","status-publish","format-standard","has-post-thumbnail","hentry","category-informacion-general","category-central"],"jetpack_featured_media_url":"https:\/\/i0.wp.com\/cdnoticias.com\/wp-content\/uploads\/2025\/04\/Gutavo-Bustamante-Soeco.jpg?fit=1024%2C680&ssl=1","jetpack_sharing_enabled":true,"_links":{"self":[{"href":"https:\/\/cdnoticias.com\/index.php\/wp-json\/wp\/v2\/posts\/213197","targetHints":{"allow":["GET"]}}],"collection":[{"href":"https:\/\/cdnoticias.com\/index.php\/wp-json\/wp\/v2\/posts"}],"about":[{"href":"https:\/\/cdnoticias.com\/index.php\/wp-json\/wp\/v2\/types\/post"}],"author":[{"embeddable":true,"href":"https:\/\/cdnoticias.com\/index.php\/wp-json\/wp\/v2\/users\/5"}],"replies":[{"embeddable":true,"href":"https:\/\/cdnoticias.com\/index.php\/wp-json\/wp\/v2\/comments?post=213197"}],"version-history":[{"count":2,"href":"https:\/\/cdnoticias.com\/index.php\/wp-json\/wp\/v2\/posts\/213197\/revisions"}],"predecessor-version":[{"id":213200,"href":"https:\/\/cdnoticias.com\/index.php\/wp-json\/wp\/v2\/posts\/213197\/revisions\/213200"}],"wp:featuredmedia":[{"embeddable":true,"href":"https:\/\/cdnoticias.com\/index.php\/wp-json\/wp\/v2\/media\/169047"}],"wp:attachment":[{"href":"https:\/\/cdnoticias.com\/index.php\/wp-json\/wp\/v2\/media?parent=213197"}],"wp:term":[{"taxonomy":"category","embeddable":true,"href":"https:\/\/cdnoticias.com\/index.php\/wp-json\/wp\/v2\/categories?post=213197"},{"taxonomy":"post_tag","embeddable":true,"href":"https:\/\/cdnoticias.com\/index.php\/wp-json\/wp\/v2\/tags?post=213197"}],"curies":[{"name":"wp","href":"https:\/\/api.w.org\/{rel}","templated":true}]}}