{"id":213172,"date":"2026-08-31T07:19:13","date_gmt":"2026-08-31T10:19:13","guid":{"rendered":"https:\/\/cdnoticias.com\/?p=213172"},"modified":"2026-08-31T07:25:14","modified_gmt":"2026-08-31T10:25:14","slug":"profundo-pesar-por-la-muerte-de-gabriel-schmale","status":"publish","type":"post","link":"https:\/\/cdnoticias.com\/index.php\/2026\/08\/31\/profundo-pesar-por-la-muerte-de-gabriel-schmale\/","title":{"rendered":"Profundo pesar por la muerte de Gabriel Schmale"},"content":{"rendered":"\n<p>Schmale tuvo una extensa trayectoria en la funci\u00f3n p\u00fablica, la docencia y los medios de comunicaci\u00f3n. Fue subsecretario de Econom\u00eda y Hacienda de la Municipalidad de Olavarr\u00eda.<\/p>\n\n\n\n<hr class=\"wp-block-separator aligncenter has-alpha-channel-opacity\"\/>\n\n\n\n<p><strong>El contador Gabriel Schmale falleci\u00f3 este domingo a los 57 a\u00f1os <\/strong>y gener\u00f3 pesar entre quienes compartieron su trayectoria profesional y su actividad vinculada con la divulgaci\u00f3n de la econom\u00eda.<\/p>\n\n\n\n<p>Schmale ocup\u00f3 distintos cargos municipales en el \u00e1rea de finanzas hasta desempe\u00f1arse como subsecretario de Econom\u00eda y Hacienda de la Municipalidad de Olavarr\u00eda. <strong>Durante su recorrido en la administraci\u00f3n p\u00fablica integr\u00f3 las gestiones de Helios Eseverri y Jos\u00e9 Eseverri.<\/strong><\/p>\n\n\n\n<p>Adem\u00e1s,<strong> form\u00f3 parte del Consejo Profesional de Ciencias Econ\u00f3micas y desarroll\u00f3 tareas como docente.<\/strong><\/p>\n\n\n\n<p>Su actividad profesional tambi\u00e9n estuvo vinculada con<strong> distintos medios radiales, donde se desempe\u00f1\u00f3 como columnista y realiz\u00f3 an\u00e1lisis t\u00e9cnicos y econ\u00f3micos sobre la macroeconom\u00eda argentina y su impacto en la vida cotidiana.<\/strong><\/p>\n\n\n\n<p>En la actualidad, su desarrollo profesional estaba ligado al \u00e1mbito privado y<strong> formaba parte del equipo de Levantate, por Radio Sapiens.<\/strong><\/p>\n\n\n\n<p><\/p>\n\n\n\n<p>Sus restos ser\u00e1n velados hasta las 12:00 horas en la Sala de Espa\u00f1a 2942 departamento \u201cC\u201d y cremados en el Crematorio Pinos de Paz, en d\u00eda y horario a confirmar. <\/p>\n\n\n\n<p><\/p>\n\n\n\n<p><strong><em>Desde Central de Noticias expresamos nuestro profundo pesar por su fallecimiento y acompa\u00f1amos a sus familiares y amigos en este momento.<\/em><\/strong><\/p>\n","protected":false},"excerpt":{"rendered":"<p>Schmale tuvo una extensa trayectoria en la funci\u00f3n p\u00fablica, la docencia y los medios de comunicaci\u00f3n. Fue subsecretario de Econom\u00eda<\/p>\n","protected":false},"author":2,"featured_media":134896,"comment_status":"closed","ping_status":"closed","sticky":false,"template":"","format":"standard","meta":{"_jetpack_memberships_contains_paid_content":false,"footnotes":""},"categories":[5,7],"tags":[],"class_list":["post-213172","post","type-post","status-publish","format-standard","has-post-thumbnail","hentry","category-informacion-general","category-central"],"jetpack_featured_media_url":"https:\/\/i0.wp.com\/cdnoticias.com\/wp-content\/uploads\/2025\/01\/gabriel-schmale-cdn3.jpg?fit=1072%2C597&ssl=1","jetpack_sharing_enabled":true,"_links":{"self":[{"href":"https:\/\/cdnoticias.com\/index.php\/wp-json\/wp\/v2\/posts\/213172","targetHints":{"allow":["GET"]}}],"collection":[{"href":"https:\/\/cdnoticias.com\/index.php\/wp-json\/wp\/v2\/posts"}],"about":[{"href":"https:\/\/cdnoticias.com\/index.php\/wp-json\/wp\/v2\/types\/post"}],"author":[{"embeddable":true,"href":"https:\/\/cdnoticias.com\/index.php\/wp-json\/wp\/v2\/users\/2"}],"replies":[{"embeddable":true,"href":"https:\/\/cdnoticias.com\/index.php\/wp-json\/wp\/v2\/comments?post=213172"}],"version-history":[{"count":3,"href":"https:\/\/cdnoticias.com\/index.php\/wp-json\/wp\/v2\/posts\/213172\/revisions"}],"predecessor-version":[{"id":213191,"href":"https:\/\/cdnoticias.com\/index.php\/wp-json\/wp\/v2\/posts\/213172\/revisions\/213191"}],"wp:featuredmedia":[{"embeddable":true,"href":"https:\/\/cdnoticias.com\/index.php\/wp-json\/wp\/v2\/media\/134896"}],"wp:attachment":[{"href":"https:\/\/cdnoticias.com\/index.php\/wp-json\/wp\/v2\/media?parent=213172"}],"wp:term":[{"taxonomy":"category","embeddable":true,"href":"https:\/\/cdnoticias.com\/index.php\/wp-json\/wp\/v2\/categories?post=213172"},{"taxonomy":"post_tag","embeddable":true,"href":"https:\/\/cdnoticias.com\/index.php\/wp-json\/wp\/v2\/tags?post=213172"}],"curies":[{"name":"wp","href":"https:\/\/api.w.org\/{rel}","templated":true}]}}