{"id":213036,"date":"2026-08-31T17:00:48","date_gmt":"2026-08-31T20:00:48","guid":{"rendered":"https:\/\/cdnoticias.com\/?p=213036"},"modified":"2026-08-31T17:00:49","modified_gmt":"2026-08-31T20:00:49","slug":"la-biblioteca-collinet-ofrecera-un-taller-de-arte-para-ninos","status":"publish","type":"post","link":"https:\/\/cdnoticias.com\/index.php\/2026\/08\/31\/la-biblioteca-collinet-ofrecera-un-taller-de-arte-para-ninos\/","title":{"rendered":"La Biblioteca Collinet ofrecer\u00e1 un taller de arte para ni\u00f1os"},"content":{"rendered":"\n<p>La propuesta estar\u00e1 coordinada por la profesora Martina Luz Gonz\u00e1lez y tendr\u00e1 encuentros semanales de una hora y media. Las inscripciones ya est\u00e1n abiertas.<\/p>\n\n\n\n<hr class=\"wp-block-separator has-alpha-channel-opacity\"\/>\n\n\n\n<p>La<strong> Biblioteca Popular Armando Collinet <\/strong>incorporar\u00e1 una nueva propuesta <strong>destinada a ni\u00f1os y ni\u00f1as de aproximadamente 4 a 12 a\u00f1os: \u201cExplorArte: Un espacio para crear, imaginar y descubrir\u201d,<\/strong> un taller de arte infantil coordinado por la <strong>profesora Martina Luz Gonz\u00e1lez.<\/strong><\/p>\n\n\n\n<p><\/p>\n\n\n\n<p>La actividad se desarrollar\u00e1 mediante encuentros semanales de una hora y media de duraci\u00f3n y estar\u00e1 orientada a la <strong>exploraci\u00f3n de distintas disciplinas y t\u00e9cnicas art\u00edsticas.<\/strong><\/p>\n\n\n\n<p><\/p>\n\n\n\n<p>Durante el taller se trabajar\u00e1 con <strong>dibujo, pintura, collage, escultura, grabado, m\u00e1scaras, texturas y arte decorativo y utilitario, <\/strong>entre otros contenidos. Las clases ser\u00e1n din\u00e1micas y participativas, con <strong>actividades adaptadas a las distintas edades y respetando los tiempos individuales de cada participante.<\/strong><\/p>\n\n\n\n<p><\/p>\n\n\n\n<p>La propuesta tambi\u00e9n buscar\u00e1 <strong>fomentar tanto el trabajo individual como grupal.<\/strong> Cada encuentro contemplar\u00e1 la presentaci\u00f3n del tema, la observaci\u00f3n de im\u00e1genes u obras como disparador, la explicaci\u00f3n de la actividad, la producci\u00f3n art\u00edstica y un espacio destinado a compartir las creaciones.<\/p>\n\n\n\n<p><\/p>\n\n\n\n<figure class=\"wp-block-image size-large\"><img data-recalc-dims=\"1\" loading=\"lazy\" decoding=\"async\" width=\"800\" height=\"1000\" src=\"https:\/\/i0.wp.com\/cdnoticias.com\/wp-content\/uploads\/2026\/08\/ARTE-INFANTIL.jpg?resize=800%2C1000&#038;ssl=1\" alt=\"\" class=\"wp-image-213037\" srcset=\"https:\/\/i0.wp.com\/cdnoticias.com\/wp-content\/uploads\/2026\/08\/ARTE-INFANTIL.jpg?resize=819%2C1024&amp;ssl=1 819w, https:\/\/i0.wp.com\/cdnoticias.com\/wp-content\/uploads\/2026\/08\/ARTE-INFANTIL.jpg?resize=240%2C300&amp;ssl=1 240w, https:\/\/i0.wp.com\/cdnoticias.com\/wp-content\/uploads\/2026\/08\/ARTE-INFANTIL.jpg?resize=768%2C960&amp;ssl=1 768w, https:\/\/i0.wp.com\/cdnoticias.com\/wp-content\/uploads\/2026\/08\/ARTE-INFANTIL.jpg?w=1080&amp;ssl=1 1080w\" sizes=\"auto, (max-width: 800px) 100vw, 800px\" \/><\/figure>\n\n\n\n<p><\/p>\n\n\n\n<p>Desde la Biblioteca se\u00f1alaron que <strong>el arte constituye una herramienta para el desarrollo integral de la infancia, al favorecer la creatividad, la imaginaci\u00f3n, la expresi\u00f3n de emociones y el desarrollo de habilidades motrices y cognitivas.<\/strong> En ese marco, la instituci\u00f3n plantea el espacio como una instancia para complementar la lectura, el juego y el aprendizaje mediante experiencias art\u00edsticas.<\/p>\n\n\n\n<p><\/p>\n\n\n\n<p>En cuanto a los materiales, <strong>los participantes deber\u00e1n llevar hojas blancas, l\u00e1piz, goma, regla, tijera y elementos para pintar.<\/strong> Para las actividades especiales, se informar\u00e1 previamente a las familias qu\u00e9 elementos deber\u00e1n llevar.<\/p>\n\n\n\n<p><\/p>\n\n\n\n<p><strong>Las inscripciones se encuentran abiertas. <\/strong>Para obtener informaci\u00f3n o anotarse, los interesados pueden comunicarse por WhatsApp al 2284-545589, acercarse a Alsina 2659, o contactarse mediante Instagram (@biblioarmandocollinet), Facebook (Biblioteca Popular Armando Collinet) o el correo electr\u00f3nico biblioarmandocollinetredes@gmail.com.<\/p>\n","protected":false},"excerpt":{"rendered":"<p>La propuesta estar\u00e1 coordinada por la profesora Martina Luz Gonz\u00e1lez y tendr\u00e1 encuentros semanales de una hora y media. Las<\/p>\n","protected":false},"author":5,"featured_media":115700,"comment_status":"closed","ping_status":"closed","sticky":false,"template":"","format":"standard","meta":{"_jetpack_memberships_contains_paid_content":false,"footnotes":""},"categories":[9,1],"tags":[],"class_list":["post-213036","post","type-post","status-publish","format-standard","has-post-thumbnail","hentry","category-cultura","category-portada"],"jetpack_featured_media_url":"https:\/\/i0.wp.com\/cdnoticias.com\/wp-content\/uploads\/2024\/05\/Biblioteca-Popular-Armando-Collinet.jpeg?fit=800%2C450&ssl=1","jetpack_sharing_enabled":true,"_links":{"self":[{"href":"https:\/\/cdnoticias.com\/index.php\/wp-json\/wp\/v2\/posts\/213036","targetHints":{"allow":["GET"]}}],"collection":[{"href":"https:\/\/cdnoticias.com\/index.php\/wp-json\/wp\/v2\/posts"}],"about":[{"href":"https:\/\/cdnoticias.com\/index.php\/wp-json\/wp\/v2\/types\/post"}],"author":[{"embeddable":true,"href":"https:\/\/cdnoticias.com\/index.php\/wp-json\/wp\/v2\/users\/5"}],"replies":[{"embeddable":true,"href":"https:\/\/cdnoticias.com\/index.php\/wp-json\/wp\/v2\/comments?post=213036"}],"version-history":[{"count":0,"href":"https:\/\/cdnoticias.com\/index.php\/wp-json\/wp\/v2\/posts\/213036\/revisions"}],"wp:featuredmedia":[{"embeddable":true,"href":"https:\/\/cdnoticias.com\/index.php\/wp-json\/wp\/v2\/media\/115700"}],"wp:attachment":[{"href":"https:\/\/cdnoticias.com\/index.php\/wp-json\/wp\/v2\/media?parent=213036"}],"wp:term":[{"taxonomy":"category","embeddable":true,"href":"https:\/\/cdnoticias.com\/index.php\/wp-json\/wp\/v2\/categories?post=213036"},{"taxonomy":"post_tag","embeddable":true,"href":"https:\/\/cdnoticias.com\/index.php\/wp-json\/wp\/v2\/tags?post=213036"}],"curies":[{"name":"wp","href":"https:\/\/api.w.org\/{rel}","templated":true}]}}