{"id":21303,"date":"2021-05-12T16:49:10","date_gmt":"2021-05-12T19:49:10","guid":{"rendered":"http:\/\/www.centraldenoticias.com.ar\/?p=21303"},"modified":"2021-05-12T16:49:10","modified_gmt":"2021-05-12T19:49:10","slug":"llegaron-las-nuevas-camas-para-la-unidad-de-terapia-intensiva-del-hospital-municipal","status":"publish","type":"post","link":"https:\/\/cdnoticias.com\/index.php\/2021\/05\/12\/llegaron-las-nuevas-camas-para-la-unidad-de-terapia-intensiva-del-hospital-municipal\/","title":{"rendered":"Llegaron las nuevas camas para la Unidad de Terapia Intensiva del Hospital Municipal"},"content":{"rendered":"<p>Se trata de dos camas de \u00faltima tecnolog\u00eda que fueron enviadas desde el gobierno Provincial.<!--more--><\/p>\n<hr \/>\n<p>En el inicio de la tarde de este mi\u00e9rcoles llegaron a nuestra ciudad <strong>dos camas de terapia intensiva de \u00faltima tecnolog\u00eda, que desde el \u00e1rea de Salud de la Provincia fueron enviadas para incrementar la capacidad del \u00e1rea de cuidados cr\u00edticos del Hospital Municipal \u201cDoctor H\u00e9ctor Cura\u201d<\/strong>.<\/p>\n<p>&nbsp;<\/p>\n<p><img data-recalc-dims=\"1\" loading=\"lazy\" decoding=\"async\" class=\"alignnone size-large wp-image-21305\" src=\"https:\/\/i0.wp.com\/cdnoticias.com\/wp-content\/uploads\/2021\/05\/WhatsApp-Image-2021-05-12-at-16.03.48.jpeg?resize=800%2C504&#038;ssl=1\" alt=\"\" width=\"800\" height=\"504\" srcset=\"https:\/\/i0.wp.com\/cdnoticias.com\/wp-content\/uploads\/2021\/05\/WhatsApp-Image-2021-05-12-at-16.03.48.jpeg?resize=1024%2C645&amp;ssl=1 1024w, https:\/\/i0.wp.com\/cdnoticias.com\/wp-content\/uploads\/2021\/05\/WhatsApp-Image-2021-05-12-at-16.03.48.jpeg?resize=300%2C189&amp;ssl=1 300w, https:\/\/i0.wp.com\/cdnoticias.com\/wp-content\/uploads\/2021\/05\/WhatsApp-Image-2021-05-12-at-16.03.48.jpeg?resize=768%2C484&amp;ssl=1 768w, https:\/\/i0.wp.com\/cdnoticias.com\/wp-content\/uploads\/2021\/05\/WhatsApp-Image-2021-05-12-at-16.03.48.jpeg?w=1280&amp;ssl=1 1280w\" sizes=\"auto, (max-width: 800px) 100vw, 800px\" \/><\/p>\n<p>&nbsp;<\/p>\n<p>Las camas <strong>fueron recibidas por el director de Regi\u00f3n Sanitaria IX, Ramiro Borzi, y la directora del centro asistencial local, la doctora Silvina Guanuco<\/strong>.<\/p>\n<p>&nbsp;<\/p>\n<p><img data-recalc-dims=\"1\" loading=\"lazy\" decoding=\"async\" class=\"alignnone size-large wp-image-21304\" src=\"https:\/\/i0.wp.com\/cdnoticias.com\/wp-content\/uploads\/2021\/05\/WhatsApp-Image-2021-05-12-at-16.03.49.jpeg?resize=800%2C522&#038;ssl=1\" alt=\"\" width=\"800\" height=\"522\" srcset=\"https:\/\/i0.wp.com\/cdnoticias.com\/wp-content\/uploads\/2021\/05\/WhatsApp-Image-2021-05-12-at-16.03.49.jpeg?resize=1024%2C668&amp;ssl=1 1024w, https:\/\/i0.wp.com\/cdnoticias.com\/wp-content\/uploads\/2021\/05\/WhatsApp-Image-2021-05-12-at-16.03.49.jpeg?resize=300%2C196&amp;ssl=1 300w, https:\/\/i0.wp.com\/cdnoticias.com\/wp-content\/uploads\/2021\/05\/WhatsApp-Image-2021-05-12-at-16.03.49.jpeg?resize=768%2C501&amp;ssl=1 768w, https:\/\/i0.wp.com\/cdnoticias.com\/wp-content\/uploads\/2021\/05\/WhatsApp-Image-2021-05-12-at-16.03.49.jpeg?w=1280&amp;ssl=1 1280w\" sizes=\"auto, (max-width: 800px) 100vw, 800px\" \/><\/p>\n<p>&nbsp;<\/p>\n<p>De acuerdo con lo que se detall\u00f3,\u00a0<strong>son de marca Stryker modelo SV2, son el\u00e9ctricas y tienen bater\u00edas de soporte, adem\u00e1s de todos los elementos que la hacen una cama para tratamiento de pacientes con alta complejidad.<\/strong><\/p>\n","protected":false},"excerpt":{"rendered":"<p>Se trata de dos camas de \u00faltima tecnolog\u00eda que fueron enviadas desde el gobierno Provincial.<\/p>\n","protected":false},"author":4,"featured_media":21306,"comment_status":"closed","ping_status":"closed","sticky":false,"template":"","format":"standard","meta":{"_jetpack_memberships_contains_paid_content":false,"footnotes":""},"categories":[16,1],"tags":[],"class_list":["post-21303","post","type-post","status-publish","format-standard","has-post-thumbnail","hentry","category-covid-19","category-portada"],"jetpack_featured_media_url":"https:\/\/i0.wp.com\/cdnoticias.com\/wp-content\/uploads\/2021\/05\/WhatsApp-Image-2021-05-12-at-16.03.47.jpeg?fit=1280%2C783&ssl=1","jetpack_sharing_enabled":true,"_links":{"self":[{"href":"https:\/\/cdnoticias.com\/index.php\/wp-json\/wp\/v2\/posts\/21303","targetHints":{"allow":["GET"]}}],"collection":[{"href":"https:\/\/cdnoticias.com\/index.php\/wp-json\/wp\/v2\/posts"}],"about":[{"href":"https:\/\/cdnoticias.com\/index.php\/wp-json\/wp\/v2\/types\/post"}],"author":[{"embeddable":true,"href":"https:\/\/cdnoticias.com\/index.php\/wp-json\/wp\/v2\/users\/4"}],"replies":[{"embeddable":true,"href":"https:\/\/cdnoticias.com\/index.php\/wp-json\/wp\/v2\/comments?post=21303"}],"version-history":[{"count":0,"href":"https:\/\/cdnoticias.com\/index.php\/wp-json\/wp\/v2\/posts\/21303\/revisions"}],"wp:featuredmedia":[{"embeddable":true,"href":"https:\/\/cdnoticias.com\/index.php\/wp-json\/wp\/v2\/media\/21306"}],"wp:attachment":[{"href":"https:\/\/cdnoticias.com\/index.php\/wp-json\/wp\/v2\/media?parent=21303"}],"wp:term":[{"taxonomy":"category","embeddable":true,"href":"https:\/\/cdnoticias.com\/index.php\/wp-json\/wp\/v2\/categories?post=21303"},{"taxonomy":"post_tag","embeddable":true,"href":"https:\/\/cdnoticias.com\/index.php\/wp-json\/wp\/v2\/tags?post=21303"}],"curies":[{"name":"wp","href":"https:\/\/api.w.org\/{rel}","templated":true}]}}