{"id":212839,"date":"2026-08-31T08:39:06","date_gmt":"2026-08-31T11:39:06","guid":{"rendered":"https:\/\/cdnoticias.com\/?p=212839"},"modified":"2026-08-31T08:39:08","modified_gmt":"2026-08-31T11:39:08","slug":"curso-sobre-el-registro-arqueologico-del-primer-poblamiento-americano","status":"publish","type":"post","link":"https:\/\/cdnoticias.com\/index.php\/2026\/08\/31\/curso-sobre-el-registro-arqueologico-del-primer-poblamiento-americano\/","title":{"rendered":"Curso sobre el registro arqueol\u00f3gico del primer poblamiento americano"},"content":{"rendered":"\n<p>El Doctorado en Arqueolog\u00eda de la Facultad de Ciencias Sociales ofrecer\u00e1 una propuesta de formaci\u00f3n de posgrado del 7 al 11 de septiembre. La actividad estar\u00e1 a cargo del Dr. C\u00e9sar M\u00e9ndez y se dictar\u00e1 en modalidad presencial\/h\u00edbrida.<\/p>\n\n\n\n<hr class=\"wp-block-separator has-alpha-channel-opacity\"\/>\n\n\n\n<p>El Doctorado en Arqueolog\u00eda de la Facultad de Ciencias Sociales ofrecer\u00e1 una nueva propuesta de formaci\u00f3n de posgrado titulada. <strong>&#8220;Debates en torno a la formaci\u00f3n del registro arqueol\u00f3gico a escala de sitio: casos del primer poblamiento americano&#8221;<\/strong>, que se desarrollar\u00e1 en <strong>modalidad presencial\/h\u00edbrida del 7 al 11 de septiembre.<\/strong><\/p>\n\n\n\n<p><\/p>\n\n\n\n<p>La actividad, a cargo del <strong>Dr. C\u00e9sar M\u00e9ndez<\/strong>, propone un abordaje cr\u00edtico sobre la conformaci\u00f3n e interpretaci\u00f3n del registro arqueol\u00f3gico a partir del an\u00e1lisis de las evidencias disponibles.<\/p>\n\n\n\n<p><\/p>\n\n\n\n<p>El curso emplea la confrontaci\u00f3n de posturas dis\u00edmiles para tensionar el debate sobre qu\u00e9 se entiende por registro arqueol\u00f3gico, cu\u00e1les procesos producen equifinalidad en un determinado resultado y qu\u00e9 interpretaciones se derivan de la aceptaci\u00f3n de conjuntos de datos espec\u00edficos.<\/p>\n\n\n\n<p><\/p>\n\n\n\n<p><strong>Entre sus objetivos, el curso se propone:<\/strong><\/p>\n\n\n\n<p><\/p>\n\n\n\n<p>Identificar los principales campos de debate que estructuran el estudio del primer poblamiento americano a escala de sitio arqueol\u00f3gico.<\/p>\n\n\n\n<p><\/p>\n\n\n\n<p>Evaluar cr\u00edticamente casos de estudio relevantes, atendiendo a los procesos de formaci\u00f3n del registro arqueol\u00f3gico.<\/p>\n\n\n\n<p><\/p>\n\n\n\n<p>Revisar en profundidad las formas de presentaci\u00f3n de datos y la construcci\u00f3n de argumentos en arqueolog\u00eda.<\/p>\n\n\n\n<p><\/p>\n\n\n\n<p>Analizar c\u00f3mo se confrontan distintas posturas, distinguiendo tipos de argumentos y sus alcances, independientemente de la escala espacial o temporal.<\/p>\n\n\n\n<p><\/p>\n\n\n\n<p>Por inscripci\u00f3n<a href=\"https:\/\/docs.google.com\/forms\/d\/e\/1FAIpQLSdw2sbo3cDjF3evpUMft5zPWpqrAnEjej9OzlxeikTxVrJ3oA\/viewform\" data-type=\"link\" data-id=\"https:\/\/docs.google.com\/forms\/d\/e\/1FAIpQLSdw2sbo3cDjF3evpUMft5zPWpqrAnEjej9OzlxeikTxVrJ3oA\/viewform\"> ingresar aqu\u00ed.<\/a><\/p>\n\n\n\n<p><\/p>\n\n\n\n<p><a href=\"https:\/\/drive.google.com\/file\/d\/1UISp0VaZkA3pEC9PXqNned8P-ZUs282e\/view\" data-type=\"link\" data-id=\"https:\/\/drive.google.com\/file\/d\/1UISp0VaZkA3pEC9PXqNned8P-ZUs282e\/view\">Programa del curso<\/a><\/p>\n\n\n\n<p><\/p>\n","protected":false},"excerpt":{"rendered":"<p>El Doctorado en Arqueolog\u00eda de la Facultad de Ciencias Sociales ofrecer\u00e1 una propuesta de formaci\u00f3n de posgrado del 7 al<\/p>\n","protected":false},"author":5,"featured_media":212841,"comment_status":"closed","ping_status":"closed","sticky":false,"template":"","format":"standard","meta":{"_jetpack_memberships_contains_paid_content":false,"footnotes":""},"categories":[5,1],"tags":[],"class_list":["post-212839","post","type-post","status-publish","format-standard","has-post-thumbnail","hentry","category-informacion-general","category-portada"],"jetpack_featured_media_url":"https:\/\/i0.wp.com\/cdnoticias.com\/wp-content\/uploads\/2026\/08\/cesar-mendez.png?fit=800%2C445&ssl=1","jetpack_sharing_enabled":true,"_links":{"self":[{"href":"https:\/\/cdnoticias.com\/index.php\/wp-json\/wp\/v2\/posts\/212839","targetHints":{"allow":["GET"]}}],"collection":[{"href":"https:\/\/cdnoticias.com\/index.php\/wp-json\/wp\/v2\/posts"}],"about":[{"href":"https:\/\/cdnoticias.com\/index.php\/wp-json\/wp\/v2\/types\/post"}],"author":[{"embeddable":true,"href":"https:\/\/cdnoticias.com\/index.php\/wp-json\/wp\/v2\/users\/5"}],"replies":[{"embeddable":true,"href":"https:\/\/cdnoticias.com\/index.php\/wp-json\/wp\/v2\/comments?post=212839"}],"version-history":[{"count":1,"href":"https:\/\/cdnoticias.com\/index.php\/wp-json\/wp\/v2\/posts\/212839\/revisions"}],"predecessor-version":[{"id":213196,"href":"https:\/\/cdnoticias.com\/index.php\/wp-json\/wp\/v2\/posts\/212839\/revisions\/213196"}],"wp:featuredmedia":[{"embeddable":true,"href":"https:\/\/cdnoticias.com\/index.php\/wp-json\/wp\/v2\/media\/212841"}],"wp:attachment":[{"href":"https:\/\/cdnoticias.com\/index.php\/wp-json\/wp\/v2\/media?parent=212839"}],"wp:term":[{"taxonomy":"category","embeddable":true,"href":"https:\/\/cdnoticias.com\/index.php\/wp-json\/wp\/v2\/categories?post=212839"},{"taxonomy":"post_tag","embeddable":true,"href":"https:\/\/cdnoticias.com\/index.php\/wp-json\/wp\/v2\/tags?post=212839"}],"curies":[{"name":"wp","href":"https:\/\/api.w.org\/{rel}","templated":true}]}}