{"id":21251,"date":"2021-05-12T09:01:40","date_gmt":"2021-05-12T12:01:40","guid":{"rendered":"http:\/\/www.centraldenoticias.com.ar\/?p=21251"},"modified":"2021-05-12T09:03:47","modified_gmt":"2021-05-12T12:03:47","slug":"rector-de-unicen-ratifica-proyectos-y-se-suma-a-un-organismo-educativo-nacional","status":"publish","type":"post","link":"https:\/\/cdnoticias.com\/index.php\/2021\/05\/12\/rector-de-unicen-ratifica-proyectos-y-se-suma-a-un-organismo-educativo-nacional\/","title":{"rendered":"Rector de Unicen ratifica proyectos y se suma a un organismo educativo nacional"},"content":{"rendered":"<p>El rector de UNICEN Roberto Tassara ratific\u00f3 proyectos y financiamientos confirmados para este 2021, en paralelo a la confirmaci\u00f3n de su incorporaci\u00f3n a la Comisi\u00f3n Nacional de Evaluaci\u00f3n y Acreditaci\u00f3n Universitaria.<!--more--><\/p>\n<hr \/>\n<p>Tassara asume como <strong>director en\u00a0la Comisi\u00f3n Nacional de Evaluaci\u00f3n y Acreditaci\u00f3n Universitaria en representaci\u00f3n del Consejo Interuniversitario Nacional<\/strong>, en un directorio que tiene 12 integrantes.<\/p>\n<p>&nbsp;<\/p>\n<p>Esa comisi\u00f3n est\u00e1 <strong>dedicada a la acreditaci\u00f3n de carreras<\/strong> y adem\u00e1s debe pronunciarse sobre la consistencia y viabilidad del proyecto institucional que se requiere para que el Ministerio de Educaci\u00f3n autorice la puesta en marcha de una nueva instituci\u00f3n universitaria nacional con posterioridad a su creaci\u00f3n o el reconocimiento de una instituci\u00f3n universitaria provincial.<\/p>\n<p>&nbsp;<\/p>\n<p>Ya en el cierre de su gesti\u00f3n al frente de UNICEN,<strong> la asamblea universitaria virtual para la elecci\u00f3n de rector y vicerrector est\u00e1 programada para el 28 de mayo<\/strong>, el funcionario educativo ratific\u00f3 que avanzar\u00e1n sobre la <strong>ampliaci\u00f3n edilicia de la Facultad de Ciencias de la Salud con sede en la ciudad de Olavarr\u00eda<\/strong>. <a href=\"https:\/\/cdnoticias.com\/index.php\/2021\/05\/04\/comienza-la-importante-obra-de-ampliacion-de-la-facultad-de-salud\/\" target=\"_blank\" rel=\"noopener\">El inicio de obra fue ratificado tambi\u00e9n en el plano local la semana pasada<\/a>.<\/p>\n<p>&nbsp;<\/p>\n<p>Tambi\u00e9n, inform\u00f3 que <strong>la Universidad Barrial ha obtenido financiamiento nacional<\/strong> que en principio permitir\u00e1 regionalizar varias de las propuestas en materia de capacitaciones que ya se ofrecen desde hace a\u00f1os en la sede Tandil.<\/p>\n<p>&nbsp;<\/p>\n<p>Por otro lado, destac\u00f3 medidas adoptadas desde el gobierno nacional como las <strong>Becas Manuel Belgrano<\/strong> que tienen una duraci\u00f3n de 12 meses pero son renovables, con el objetivo de &#8220;proporcionar un incentivo econ\u00f3mico en forma de Beca de estudio para que j\u00f3venes provenientes de hogares de bajos ingresos realicen una carrera universitaria o una tecnicatura en una disciplina considerada estrat\u00e9gica para el desarrollo econ\u00f3mico y productivo del pa\u00eds&#8221;, seg\u00fan se indica de manera oficial.<\/p>\n","protected":false},"excerpt":{"rendered":"<p>El rector de UNICEN Roberto Tassara ratific\u00f3 proyectos y financiamientos confirmados para este 2021, en paralelo a la confirmaci\u00f3n de<\/p>\n","protected":false},"author":4,"featured_media":21252,"comment_status":"closed","ping_status":"closed","sticky":false,"template":"","format":"standard","meta":{"_jetpack_memberships_contains_paid_content":false,"footnotes":""},"categories":[6,1],"tags":[],"class_list":["post-21251","post","type-post","status-publish","format-standard","has-post-thumbnail","hentry","category-nacionales","category-portada"],"jetpack_featured_media_url":"https:\/\/i0.wp.com\/cdnoticias.com\/wp-content\/uploads\/2021\/05\/tassara-800x445.jpg?fit=800%2C445&ssl=1","jetpack_sharing_enabled":true,"_links":{"self":[{"href":"https:\/\/cdnoticias.com\/index.php\/wp-json\/wp\/v2\/posts\/21251","targetHints":{"allow":["GET"]}}],"collection":[{"href":"https:\/\/cdnoticias.com\/index.php\/wp-json\/wp\/v2\/posts"}],"about":[{"href":"https:\/\/cdnoticias.com\/index.php\/wp-json\/wp\/v2\/types\/post"}],"author":[{"embeddable":true,"href":"https:\/\/cdnoticias.com\/index.php\/wp-json\/wp\/v2\/users\/4"}],"replies":[{"embeddable":true,"href":"https:\/\/cdnoticias.com\/index.php\/wp-json\/wp\/v2\/comments?post=21251"}],"version-history":[{"count":0,"href":"https:\/\/cdnoticias.com\/index.php\/wp-json\/wp\/v2\/posts\/21251\/revisions"}],"wp:featuredmedia":[{"embeddable":true,"href":"https:\/\/cdnoticias.com\/index.php\/wp-json\/wp\/v2\/media\/21252"}],"wp:attachment":[{"href":"https:\/\/cdnoticias.com\/index.php\/wp-json\/wp\/v2\/media?parent=21251"}],"wp:term":[{"taxonomy":"category","embeddable":true,"href":"https:\/\/cdnoticias.com\/index.php\/wp-json\/wp\/v2\/categories?post=21251"},{"taxonomy":"post_tag","embeddable":true,"href":"https:\/\/cdnoticias.com\/index.php\/wp-json\/wp\/v2\/tags?post=21251"}],"curies":[{"name":"wp","href":"https:\/\/api.w.org\/{rel}","templated":true}]}}