{"id":21235,"date":"2021-05-11T17:48:51","date_gmt":"2021-05-11T20:48:51","guid":{"rendered":"http:\/\/www.centraldenoticias.com.ar\/?p=21235"},"modified":"2021-05-11T17:48:51","modified_gmt":"2021-05-11T20:48:51","slug":"agustin-rossi-y-una-conversacion-sobre-la-realidad-social-y-politica-de-olavarria-y-azul","status":"publish","type":"post","link":"https:\/\/cdnoticias.com\/index.php\/2021\/05\/11\/agustin-rossi-y-una-conversacion-sobre-la-realidad-social-y-politica-de-olavarria-y-azul\/","title":{"rendered":"Agust\u00edn Rossi y una conversaci\u00f3n sobre \u201cla realidad social y pol\u00edtica de Olavarr\u00eda y Azul\u201d"},"content":{"rendered":"<p>El Ministro de Defensa de la Naci\u00f3n recibi\u00f3 a los diputados Liliana Schwindt y C\u00e9sar Valicenti, adem\u00e1s del subsecretario de Miner\u00eda Federico Aguilera y al director regional de Pami, Nelson Sombra.<!--more--><\/p>\n<hr \/>\n<p><strong>\u201cConversamos sobre la realidad social y pol\u00edtica de Olavarr\u00eda y Azul\u201d<\/strong>. De esa manera la diputada nacional por el Frente de Todos Cristina \u00c1lvarez Rodr\u00edguez dio a conocer <a href=\"https:\/\/twitter.com\/CrisAlvarezRod\/status\/1392183299334889472\" target=\"_blank\" rel=\"noopener\">a trav\u00e9s de sus redes sociales<\/a> una reuni\u00f3n en la que referentes nacionales, provinciales y regionales discutieron sobre nuestra ciudad y el distrito vecino.<\/p>\n<p>&nbsp;<\/p>\n<p><img data-recalc-dims=\"1\" loading=\"lazy\" decoding=\"async\" class=\"alignnone size-large wp-image-21236\" src=\"https:\/\/i0.wp.com\/cdnoticias.com\/wp-content\/uploads\/2021\/05\/E1IHVERXMAAqFEu.jpg?resize=800%2C530&#038;ssl=1\" alt=\"\" width=\"800\" height=\"530\" srcset=\"https:\/\/i0.wp.com\/cdnoticias.com\/wp-content\/uploads\/2021\/05\/E1IHVERXMAAqFEu.jpg?resize=1024%2C679&amp;ssl=1 1024w, https:\/\/i0.wp.com\/cdnoticias.com\/wp-content\/uploads\/2021\/05\/E1IHVERXMAAqFEu.jpg?resize=300%2C199&amp;ssl=1 300w, https:\/\/i0.wp.com\/cdnoticias.com\/wp-content\/uploads\/2021\/05\/E1IHVERXMAAqFEu.jpg?resize=768%2C510&amp;ssl=1 768w, https:\/\/i0.wp.com\/cdnoticias.com\/wp-content\/uploads\/2021\/05\/E1IHVERXMAAqFEu.jpg?w=1043&amp;ssl=1 1043w\" sizes=\"auto, (max-width: 800px) 100vw, 800px\" \/><\/p>\n<p>&nbsp;<\/p>\n<p>Lo relevante del encuentro no estuvo dado \u00fanicamente en la menci\u00f3n tanto de Olavarr\u00eda y Azul, sino puntualmente en los funcionarios que fueron parte de la reuni\u00f3n.<strong> Todo fue encabezado por el ministro de Defensa de la Naci\u00f3n, quien en su despacho, adem\u00e1s de \u00c1lvarez Rodriguez, recibi\u00f3 a la diputada nacional olavarriense Liliana Schwindt, adem\u00e1s del diputado provincial C\u00e9sar Valicenti.<\/strong><\/p>\n<p>&nbsp;<\/p>\n<p>A la par, tambi\u00e9n tom\u00f3 participaci\u00f3n activa de esa conversaci\u00f3n<strong> el subsecretario de Miner\u00eda de la provincia de Buenos Aires, Federico Aguilera, y el azule\u00f1o Nelson Sombra, director de la UGL XXX de Pami<\/strong>.<\/p>\n<p>&nbsp;<\/p>\n<p><img data-recalc-dims=\"1\" loading=\"lazy\" decoding=\"async\" class=\"alignnone size-large wp-image-21238\" src=\"https:\/\/i0.wp.com\/cdnoticias.com\/wp-content\/uploads\/2021\/05\/E1IHVEyXsAUUIha.jpg?resize=800%2C450&#038;ssl=1\" alt=\"\" width=\"800\" height=\"450\" srcset=\"https:\/\/i0.wp.com\/cdnoticias.com\/wp-content\/uploads\/2021\/05\/E1IHVEyXsAUUIha.jpg?resize=1024%2C576&amp;ssl=1 1024w, https:\/\/i0.wp.com\/cdnoticias.com\/wp-content\/uploads\/2021\/05\/E1IHVEyXsAUUIha.jpg?resize=300%2C169&amp;ssl=1 300w, https:\/\/i0.wp.com\/cdnoticias.com\/wp-content\/uploads\/2021\/05\/E1IHVEyXsAUUIha.jpg?resize=768%2C432&amp;ssl=1 768w, https:\/\/i0.wp.com\/cdnoticias.com\/wp-content\/uploads\/2021\/05\/E1IHVEyXsAUUIha.jpg?w=1280&amp;ssl=1 1280w\" sizes=\"auto, (max-width: 800px) 100vw, 800px\" \/><\/p>\n<p>&nbsp;<\/p>\n<p><strong>\u201cSeguimos militando en toda la provincia de Buenos Aires para fortalecer el Frente de Todos\u201d,<\/strong> concluy\u00f3 su publicaci\u00f3n \u00c1lvarez Rodriguez.<\/p>\n<p>&nbsp;<\/p>\n<p>Ese &#8220;tuit&#8221; fue <a href=\"https:\/\/twitter.com\/LILIDEOLAVARRIA\/status\/1392186364733632519\" target=\"_blank\" rel=\"noopener\">replicado por Liliana Schwindt<\/a>, quien a\u00f1adi\u00f3 que <strong>\u201ctenemos por delante grandes desaf\u00edos, Fanazul en marcha nuevamente y el trabajo conjunto con nuestras fuerzas armadas\u201d<\/strong>.<\/p>\n","protected":false},"excerpt":{"rendered":"<p>El Ministro de Defensa de la Naci\u00f3n recibi\u00f3 a los diputados Liliana Schwindt y C\u00e9sar Valicenti, adem\u00e1s del subsecretario de<\/p>\n","protected":false},"author":4,"featured_media":21237,"comment_status":"closed","ping_status":"closed","sticky":false,"template":"","format":"standard","meta":{"_jetpack_memberships_contains_paid_content":false,"footnotes":""},"categories":[4,1],"tags":[],"class_list":["post-21235","post","type-post","status-publish","format-standard","has-post-thumbnail","hentry","category-politica","category-portada"],"jetpack_featured_media_url":"https:\/\/i0.wp.com\/cdnoticias.com\/wp-content\/uploads\/2021\/05\/E1IHVEyWUAEC1ZN.jpg?fit=1280%2C720&ssl=1","jetpack_sharing_enabled":true,"_links":{"self":[{"href":"https:\/\/cdnoticias.com\/index.php\/wp-json\/wp\/v2\/posts\/21235","targetHints":{"allow":["GET"]}}],"collection":[{"href":"https:\/\/cdnoticias.com\/index.php\/wp-json\/wp\/v2\/posts"}],"about":[{"href":"https:\/\/cdnoticias.com\/index.php\/wp-json\/wp\/v2\/types\/post"}],"author":[{"embeddable":true,"href":"https:\/\/cdnoticias.com\/index.php\/wp-json\/wp\/v2\/users\/4"}],"replies":[{"embeddable":true,"href":"https:\/\/cdnoticias.com\/index.php\/wp-json\/wp\/v2\/comments?post=21235"}],"version-history":[{"count":0,"href":"https:\/\/cdnoticias.com\/index.php\/wp-json\/wp\/v2\/posts\/21235\/revisions"}],"wp:featuredmedia":[{"embeddable":true,"href":"https:\/\/cdnoticias.com\/index.php\/wp-json\/wp\/v2\/media\/21237"}],"wp:attachment":[{"href":"https:\/\/cdnoticias.com\/index.php\/wp-json\/wp\/v2\/media?parent=21235"}],"wp:term":[{"taxonomy":"category","embeddable":true,"href":"https:\/\/cdnoticias.com\/index.php\/wp-json\/wp\/v2\/categories?post=21235"},{"taxonomy":"post_tag","embeddable":true,"href":"https:\/\/cdnoticias.com\/index.php\/wp-json\/wp\/v2\/tags?post=21235"}],"curies":[{"name":"wp","href":"https:\/\/api.w.org\/{rel}","templated":true}]}}