{"id":21231,"date":"2021-05-11T17:04:07","date_gmt":"2021-05-11T20:04:07","guid":{"rendered":"http:\/\/www.centraldenoticias.com.ar\/?p=21231"},"modified":"2021-05-11T17:06:08","modified_gmt":"2021-05-11T20:06:08","slug":"tandil-pedira-sostener-la-presencialidad-en-las-escuelas","status":"publish","type":"post","link":"https:\/\/cdnoticias.com\/index.php\/2021\/05\/11\/tandil-pedira-sostener-la-presencialidad-en-las-escuelas\/","title":{"rendered":"Tandil pedir\u00e1 sostener la presencialidad en las escuelas"},"content":{"rendered":"<p>Es partir del anuncio de Provincia que ubica al distrito serrano en la fase m\u00e1s restrictiva.<!--more--><\/p>\n<hr \/>\n<p>En la jornada de este martes, en la ya habitual conferencia de prensa,\u00a0<a href=\"https:\/\/cdnoticias.com\/index.php\/2021\/05\/11\/olavarria-sigue-en-fase-3-y-entre-los-pases-a-fase-2-esta-tandil\/\" target=\"_blank\" rel=\"noopener\">el gobierno bonaerense detall\u00f3 la situaci\u00f3n sanitaria de la provincia<\/a> y dio a conocer<strong> la fase en la que se encuentran cada uno de los 135 municipios, situaci\u00f3n que determinar\u00e1 las restricciones y permisos durante los pr\u00f3ximos d\u00edas<\/strong>.<\/p>\n<p>&nbsp;<\/p>\n<p><img data-recalc-dims=\"1\" loading=\"lazy\" decoding=\"async\" class=\"alignnone size-full wp-image-21183\" src=\"https:\/\/i0.wp.com\/cdnoticias.com\/wp-content\/uploads\/2021\/05\/conferencia-epidemiologica-bianco-10.jpg?resize=800%2C445&#038;ssl=1\" alt=\"\" width=\"800\" height=\"445\" srcset=\"https:\/\/i0.wp.com\/cdnoticias.com\/wp-content\/uploads\/2021\/05\/conferencia-epidemiologica-bianco-10.jpg?w=800&amp;ssl=1 800w, https:\/\/i0.wp.com\/cdnoticias.com\/wp-content\/uploads\/2021\/05\/conferencia-epidemiologica-bianco-10.jpg?resize=300%2C167&amp;ssl=1 300w, https:\/\/i0.wp.com\/cdnoticias.com\/wp-content\/uploads\/2021\/05\/conferencia-epidemiologica-bianco-10.jpg?resize=768%2C427&amp;ssl=1 768w\" sizes=\"auto, (max-width: 800px) 100vw, 800px\" \/><\/p>\n<p>&nbsp;<\/p>\n<p><strong>Olavarr\u00eda fue ratificada en la fase 3<\/strong>, pero la novedad estuvo dada en que<strong> varios distritos fueron ubicada en la fase 2, la m\u00e1s restrictiva, entre ellas la ciudad vecina de Tandil<\/strong>, desde donde se anticip\u00f3 que se iniciar\u00e1n gestiones para sostener la presencialidad en el \u00e1mbito educativo.<\/p>\n<p>&nbsp;<\/p>\n<p><strong>En total son 52 los municipios ubicados en esa fase, en la partir de este lunes, adem\u00e1s de Tandil, tambi\u00e9n se sumaron Carlos Tejedor, Jun\u00edn, La Costa, Monte y Trenque Lauquen.<\/strong> Otro de los datos es que nuevamente no se ubic\u00f3 a ning\u00fan distrito en fase 5.<\/p>\n<p>&nbsp;<\/p>\n<blockquote><p>Seg\u00fan el \u00faltimo parte sanitario, Tandil registr\u00f3 126 nuevos casos y 3 fallecimientos. Cuenta con 855 casos activos y 67 pacientes hospitalizados, de los cuales 26 est\u00e1n internados en el \u00e1rea de Terapia.<\/p><\/blockquote>\n<p>&nbsp;<\/p>\n<p>Seg\u00fan reflejan medios tandilenses, mientras se aguarda por el arribo del decreto que formaliza el pase a fase 2, ya <strong>trascendi\u00f3 que desde el municipio encabezado por Miguel Lunghi se iniciar\u00e1n gestiones para sostener las clases presenciales<\/strong>.<\/p>\n<p>&nbsp;<\/p>\n<p><strong>\u201cLas escuelas no tienen inconvenientes\u00a0 y se va a solicitar que se revise la medida, teniendo en cuenta que los protocolos funcionan a la perfecci\u00f3n, el transporte aqu\u00ed no es un problema como en el Conurbano, no hay aglomeraciones en los puertas de los colegios y hay pocos agrupamientos aislados\u201d<\/strong>, fue lo que se expres\u00f3 desde el Ejecutivo serrano. Por \u00faltimo, se agreg\u00f3 que ese ser\u00eda el \u00fanico planteo que se har\u00eda ante la resoluci\u00f3n provincial, ya que luego se acatar\u00edan el resto de restricciones y cierres que contempla esa fase.<\/p>\n<p>&nbsp;<\/p>\n<p><a href=\"https:\/\/www.eleco.com.ar\/la-ciudad\/a-la-espera-del-decreto-provincial-tandil-pedira-que-continuen-las-clases-presenciales\/\" target=\"_blank\" rel=\"noopener\"><em>Fuente El Eco de Tandil<\/em><\/a><\/p>\n","protected":false},"excerpt":{"rendered":"<p>Es partir del anuncio de Provincia que ubica al distrito serrano en la fase m\u00e1s restrictiva.<\/p>\n","protected":false},"author":4,"featured_media":17752,"comment_status":"closed","ping_status":"closed","sticky":false,"template":"","format":"standard","meta":{"_jetpack_memberships_contains_paid_content":false,"footnotes":""},"categories":[6,1],"tags":[],"class_list":["post-21231","post","type-post","status-publish","format-standard","has-post-thumbnail","hentry","category-nacionales","category-portada"],"jetpack_featured_media_url":"https:\/\/i0.wp.com\/cdnoticias.com\/wp-content\/uploads\/2021\/04\/tandil.jpg?fit=800%2C445&ssl=1","jetpack_sharing_enabled":true,"_links":{"self":[{"href":"https:\/\/cdnoticias.com\/index.php\/wp-json\/wp\/v2\/posts\/21231","targetHints":{"allow":["GET"]}}],"collection":[{"href":"https:\/\/cdnoticias.com\/index.php\/wp-json\/wp\/v2\/posts"}],"about":[{"href":"https:\/\/cdnoticias.com\/index.php\/wp-json\/wp\/v2\/types\/post"}],"author":[{"embeddable":true,"href":"https:\/\/cdnoticias.com\/index.php\/wp-json\/wp\/v2\/users\/4"}],"replies":[{"embeddable":true,"href":"https:\/\/cdnoticias.com\/index.php\/wp-json\/wp\/v2\/comments?post=21231"}],"version-history":[{"count":0,"href":"https:\/\/cdnoticias.com\/index.php\/wp-json\/wp\/v2\/posts\/21231\/revisions"}],"wp:featuredmedia":[{"embeddable":true,"href":"https:\/\/cdnoticias.com\/index.php\/wp-json\/wp\/v2\/media\/17752"}],"wp:attachment":[{"href":"https:\/\/cdnoticias.com\/index.php\/wp-json\/wp\/v2\/media?parent=21231"}],"wp:term":[{"taxonomy":"category","embeddable":true,"href":"https:\/\/cdnoticias.com\/index.php\/wp-json\/wp\/v2\/categories?post=21231"},{"taxonomy":"post_tag","embeddable":true,"href":"https:\/\/cdnoticias.com\/index.php\/wp-json\/wp\/v2\/tags?post=21231"}],"curies":[{"name":"wp","href":"https:\/\/api.w.org\/{rel}","templated":true}]}}