{"id":21202,"date":"2021-05-11T14:53:40","date_gmt":"2021-05-11T17:53:40","guid":{"rendered":"http:\/\/www.centraldenoticias.com.ar\/?p=21202"},"modified":"2021-05-11T14:54:28","modified_gmt":"2021-05-11T17:54:28","slug":"covid-la-ocupacion-hospitalaria-sigue-alta-y-preocupa-a-la-provincia","status":"publish","type":"post","link":"https:\/\/cdnoticias.com\/index.php\/2021\/05\/11\/covid-la-ocupacion-hospitalaria-sigue-alta-y-preocupa-a-la-provincia\/","title":{"rendered":"Covid: la ocupaci\u00f3n hospitalaria sigue alta y preocupa a la Provincia"},"content":{"rendered":"<p>El sistema sanitario sigue \u201cen un estado de tensi\u00f3n fuerte\u201d dijo el ministro Goll\u00e1n<strong>.\u00a0<\/strong>En la conferencia sobre la situaci\u00f3n sanitaria se destac\u00f3 que la ca\u00edda de casos contin\u00faa, pero a\u00fan no impacta en las terapias.<!--more--><\/p>\n<hr \/>\n<p>El ministro de Salud bonaerense, Daniel Gollan, se mostr\u00f3 preocupado porque <strong>el sistema sanitario sigue \u201cen un estado de tensi\u00f3n fuerte\u201d<\/strong>. Fue en la<a href=\"https:\/\/cdnoticias.com\/index.php\/2021\/05\/11\/olavarria-sigue-en-fase-3-y-entre-los-pases-a-fase-2-esta-tandil\/\" target=\"_blank\" rel=\"noopener\"> conferencia semanal sobre la situaci\u00f3n sanitaria que comparti\u00f3 con el jefe de Gabinete Carlos Bianco<\/a>.<\/p>\n<p>&nbsp;<\/p>\n<p>El <strong>ministro de Salud bonaerense, Daniel Gollan<\/strong>, indic\u00f3 que se mantiene <strong>\u201cuna ca\u00edda general de los casos\u201d de coronavirus en la provincia de Buenos Aires<\/strong>, pero que esa merma todav\u00eda <strong>no impact\u00f3 de gran manera en la ocupaci\u00f3n de camas de terapia intensiva<\/strong>.<\/p>\n<p><img data-recalc-dims=\"1\" loading=\"lazy\" decoding=\"async\" class=\"aligncenter wp-image-21204 size-full\" src=\"https:\/\/i0.wp.com\/cdnoticias.com\/wp-content\/uploads\/2021\/05\/conferencia-epidemiologica-bianco-9.jpg?resize=800%2C445&#038;ssl=1\" alt=\"\" width=\"800\" height=\"445\" srcset=\"https:\/\/i0.wp.com\/cdnoticias.com\/wp-content\/uploads\/2021\/05\/conferencia-epidemiologica-bianco-9.jpg?w=800&amp;ssl=1 800w, https:\/\/i0.wp.com\/cdnoticias.com\/wp-content\/uploads\/2021\/05\/conferencia-epidemiologica-bianco-9.jpg?resize=300%2C167&amp;ssl=1 300w, https:\/\/i0.wp.com\/cdnoticias.com\/wp-content\/uploads\/2021\/05\/conferencia-epidemiologica-bianco-9.jpg?resize=768%2C427&amp;ssl=1 768w\" sizes=\"auto, (max-width: 800px) 100vw, 800px\" \/><\/p>\n<p>&nbsp;<\/p>\n<p>Tal como se adelant\u00f3, <a href=\"https:\/\/cdnoticias.com\/index.php\/2021\/05\/10\/la-provincia-tuvo-nueva-baja-de-casos-de-covid-pero-tambien-fue-mas-lenta\/\" target=\"_blank\" rel=\"noopener\">los casos de Covid-19 volvieron a bajar esta semana en la provincia,<\/a> aunque esa disminuci\u00f3n comenz\u00f3 a enlentecerse con respecto al periodo anterior y preocupa la llegada del fr\u00edo.<\/p>\n<p>&nbsp;<\/p>\n<p>La reducci\u00f3n de contagios la semana pasada hab\u00eda sido de un 18% y <strong>ahora fue solo de un 8%<\/strong>. En rigor, la cantidad de infectados diagnosticados pas\u00f3 de 11.746 (entre el 19 y el 23 de abril) a 9.663 (entre el 26 de abril al 2 de mayo) y luego a 8.905 (en el \u00faltimo periodo).<\/p>\n<p><img data-recalc-dims=\"1\" loading=\"lazy\" decoding=\"async\" class=\"aligncenter wp-image-21207 size-full\" src=\"https:\/\/i0.wp.com\/cdnoticias.com\/wp-content\/uploads\/2021\/05\/conferencia-epidemiologica-gollan00.jpg?resize=800%2C446&#038;ssl=1\" alt=\"\" width=\"800\" height=\"446\" srcset=\"https:\/\/i0.wp.com\/cdnoticias.com\/wp-content\/uploads\/2021\/05\/conferencia-epidemiologica-gollan00.jpg?w=800&amp;ssl=1 800w, https:\/\/i0.wp.com\/cdnoticias.com\/wp-content\/uploads\/2021\/05\/conferencia-epidemiologica-gollan00.jpg?resize=300%2C167&amp;ssl=1 300w, https:\/\/i0.wp.com\/cdnoticias.com\/wp-content\/uploads\/2021\/05\/conferencia-epidemiologica-gollan00.jpg?resize=768%2C428&amp;ssl=1 768w\" sizes=\"auto, (max-width: 800px) 100vw, 800px\" \/><\/p>\n<p>&nbsp;<\/p>\n<p>\u201cSeguimos observando una ca\u00edda general de los casos que <strong>se desaceler\u00f3 en la velocidad<\/strong>, pero no notamos todav\u00eda un impacto fuerte de esta ca\u00edda en la situaci\u00f3n de las camas de terapias intensivas en particular\u201d, explic\u00f3 Gollan desde la Gobernaci\u00f3n en el marco del parte epidemiol\u00f3gico bonaerense.<\/p>\n<p>&nbsp;<\/p>\n<blockquote><p>Y complet\u00f3: \u201cSeguimos viendo una importante cantidad de personas que se internan y que permanecen muchos d\u00edas internadas, 20 d\u00edas, 25 d\u00edas, y lamentablemente aquellas que egresan es por fallecimiento m\u00e1s que por recuperaci\u00f3n\u201d.<\/p><\/blockquote>\n<p>&nbsp;<\/p>\n<p><strong>Los datos<\/strong><\/p>\n<p>&nbsp;<\/p>\n<p>Hasta el momento <strong>la Provincia registra 1.218.315 casos confirmados de Covid<\/strong> y la tasa de incidencia general es de 680 casos cada 100.000 habitantes en los \u00faltimos 15 d\u00edas. En el detalle por regi\u00f3n, <strong>la llamada \u201czona interior\u201d tiene una tasa de 589 680 casos cada 100.000 habitantes<\/strong> en los \u00faltimos 15 d\u00edas.<\/p>\n<p><img data-recalc-dims=\"1\" loading=\"lazy\" decoding=\"async\" class=\"aligncenter wp-image-21206 size-full\" src=\"https:\/\/i0.wp.com\/cdnoticias.com\/wp-content\/uploads\/2021\/05\/conferencia-epidemiologica-gollan01.jpg?resize=800%2C445&#038;ssl=1\" alt=\"\" width=\"800\" height=\"445\" srcset=\"https:\/\/i0.wp.com\/cdnoticias.com\/wp-content\/uploads\/2021\/05\/conferencia-epidemiologica-gollan01.jpg?w=800&amp;ssl=1 800w, https:\/\/i0.wp.com\/cdnoticias.com\/wp-content\/uploads\/2021\/05\/conferencia-epidemiologica-gollan01.jpg?resize=300%2C167&amp;ssl=1 300w, https:\/\/i0.wp.com\/cdnoticias.com\/wp-content\/uploads\/2021\/05\/conferencia-epidemiologica-gollan01.jpg?resize=768%2C427&amp;ssl=1 768w\" sizes=\"auto, (max-width: 800px) 100vw, 800px\" \/><\/p>\n<p>&nbsp;<\/p>\n<p>En cuanto a la evoluci\u00f3n de casos, tras el pico registrado en las semanas 15 y 16, la ca\u00edda sostenida en las \u00faltimas dos semanas no fue como se esperaba: \u201cnos indica una desaceleraci\u00f3n de la curva de ca\u00edda que aspir\u00e1bamos a que cayera de una forma mayor\u201d dijo el ministro quien aclar\u00f3 que<strong> \u201cla mayor ca\u00edda se dio en el AMBA, en el interior se mantuvo la cantidad de casos\u201d<\/strong>.<\/p>\n<p>&nbsp;<\/p>\n<p>La ocupaci\u00f3n de camas de terapia intensiva llega al 72,87% en el \u00c1rea Metropolitana de Buenos Aires sobre un total de 3.292 plazas. Unas 1.577 personas que se encuentran en esta situaci\u00f3n son Covid-19 positivo o casos sospechosos. En tanto, <strong>en el interior es del 57,15% sobre 1.328 camas, con 498 ocupadas por coronavirus<\/strong>.<\/p>\n<p>&nbsp;<\/p>\n<blockquote><p>\u201cLa ocupaci\u00f3n de camas sigue en un estado de tensi\u00f3n fuerte aunque estable y con una leve baja. Nos preocupa porque estamos empezando el fr\u00edo y el sistema est\u00e1 muy tensionado. Si llegara a suceder que vuelven a escaparse la cantidad de casos confirmados lo har\u00eda sobre un sistema que ya est\u00e1 muy tensionado\u201d, asever\u00f3 el Ministro de Salud.<\/p><\/blockquote>\n<p><img data-recalc-dims=\"1\" loading=\"lazy\" decoding=\"async\" class=\"aligncenter wp-image-21208 size-full\" src=\"https:\/\/i0.wp.com\/cdnoticias.com\/wp-content\/uploads\/2021\/05\/conferencia-epidemiologica-gollan02.jpg?resize=800%2C444&#038;ssl=1\" alt=\"\" width=\"800\" height=\"444\" srcset=\"https:\/\/i0.wp.com\/cdnoticias.com\/wp-content\/uploads\/2021\/05\/conferencia-epidemiologica-gollan02.jpg?w=800&amp;ssl=1 800w, https:\/\/i0.wp.com\/cdnoticias.com\/wp-content\/uploads\/2021\/05\/conferencia-epidemiologica-gollan02.jpg?resize=300%2C167&amp;ssl=1 300w, https:\/\/i0.wp.com\/cdnoticias.com\/wp-content\/uploads\/2021\/05\/conferencia-epidemiologica-gollan02.jpg?resize=768%2C426&amp;ssl=1 768w\" sizes=\"auto, (max-width: 800px) 100vw, 800px\" \/><\/p>\n<p>&nbsp;<\/p>\n<p>Gollan tambi\u00e9n record\u00f3 que <strong>muchos de los internados son actualmente pacientes \u201cm\u00e1s j\u00f3venes\u201d<\/strong>. Como datos positivos se\u00f1al\u00f3 que tanto las consultas a la l\u00ednea 148 y a los centros disponibles como la positividad siguen en descenso.<\/p>\n<p>&nbsp;<\/p>\n<p><strong>Vacunaci\u00f3n<\/strong><\/p>\n<p>&nbsp;<\/p>\n<p>En el \u00faltimo tramo de su exposici\u00f3n, el ministro se refiri\u00f3 a la vacunaci\u00f3n. <strong>Se alcanzaron las 3.519.505 de dosis<\/strong> aplicadas de las cuales 3.129.558 son del primer componente.<\/p>\n<p><img data-recalc-dims=\"1\" loading=\"lazy\" decoding=\"async\" class=\"aligncenter wp-image-21203 size-full\" src=\"https:\/\/i0.wp.com\/cdnoticias.com\/wp-content\/uploads\/2021\/05\/vacunacion00.jpg?resize=800%2C445&#038;ssl=1\" alt=\"\" width=\"800\" height=\"445\" srcset=\"https:\/\/i0.wp.com\/cdnoticias.com\/wp-content\/uploads\/2021\/05\/vacunacion00.jpg?w=800&amp;ssl=1 800w, https:\/\/i0.wp.com\/cdnoticias.com\/wp-content\/uploads\/2021\/05\/vacunacion00.jpg?resize=300%2C167&amp;ssl=1 300w, https:\/\/i0.wp.com\/cdnoticias.com\/wp-content\/uploads\/2021\/05\/vacunacion00.jpg?resize=768%2C427&amp;ssl=1 768w\" sizes=\"auto, (max-width: 800px) 100vw, 800px\" \/><\/p>\n<p>&nbsp;<\/p>\n<p>Goll\u00e1n remarc\u00f3 que <strong>se env\u00edan por estos d\u00edas 299 mil turnos para aplicaciones del segundo componente<\/strong> con Sinopharm. Hasta el momento hay casi 400 mil personas inmunizadas con ambas dosis.<\/p>\n<p>&nbsp;<\/p>\n<blockquote><p>A su vez, adelant\u00f3 que se iniciaron las aplicaciones para los nuevos grupos prioritarios: embarazadas, personas de entre 40 a 59 a\u00f1os con comorbilidades y mayores de 60 a\u00f1os sin comorbilidades.<\/p><\/blockquote>\n<p>&nbsp;<\/p>\n<p>En ese sentido se reiter\u00f3 el pedido a los bonaerenses<strong> que se registren en el sitio web VacunatePBA<\/strong> para organizar los turnos.<\/p>\n","protected":false},"excerpt":{"rendered":"<p>El sistema sanitario sigue \u201cen un estado de tensi\u00f3n fuerte\u201d dijo el ministro Goll\u00e1n.\u00a0En la conferencia sobre la situaci\u00f3n sanitaria<\/p>\n","protected":false},"author":4,"featured_media":21205,"comment_status":"closed","ping_status":"closed","sticky":false,"template":"","format":"standard","meta":{"_jetpack_memberships_contains_paid_content":false,"footnotes":""},"categories":[6,1],"tags":[],"class_list":["post-21202","post","type-post","status-publish","format-standard","has-post-thumbnail","hentry","category-nacionales","category-portada"],"jetpack_featured_media_url":"https:\/\/i0.wp.com\/cdnoticias.com\/wp-content\/uploads\/2021\/05\/conferencia-epidemiologica-bianco-8.jpg?fit=800%2C445&ssl=1","jetpack_sharing_enabled":true,"_links":{"self":[{"href":"https:\/\/cdnoticias.com\/index.php\/wp-json\/wp\/v2\/posts\/21202","targetHints":{"allow":["GET"]}}],"collection":[{"href":"https:\/\/cdnoticias.com\/index.php\/wp-json\/wp\/v2\/posts"}],"about":[{"href":"https:\/\/cdnoticias.com\/index.php\/wp-json\/wp\/v2\/types\/post"}],"author":[{"embeddable":true,"href":"https:\/\/cdnoticias.com\/index.php\/wp-json\/wp\/v2\/users\/4"}],"replies":[{"embeddable":true,"href":"https:\/\/cdnoticias.com\/index.php\/wp-json\/wp\/v2\/comments?post=21202"}],"version-history":[{"count":0,"href":"https:\/\/cdnoticias.com\/index.php\/wp-json\/wp\/v2\/posts\/21202\/revisions"}],"wp:featuredmedia":[{"embeddable":true,"href":"https:\/\/cdnoticias.com\/index.php\/wp-json\/wp\/v2\/media\/21205"}],"wp:attachment":[{"href":"https:\/\/cdnoticias.com\/index.php\/wp-json\/wp\/v2\/media?parent=21202"}],"wp:term":[{"taxonomy":"category","embeddable":true,"href":"https:\/\/cdnoticias.com\/index.php\/wp-json\/wp\/v2\/categories?post=21202"},{"taxonomy":"post_tag","embeddable":true,"href":"https:\/\/cdnoticias.com\/index.php\/wp-json\/wp\/v2\/tags?post=21202"}],"curies":[{"name":"wp","href":"https:\/\/api.w.org\/{rel}","templated":true}]}}