{"id":21185,"date":"2021-05-11T12:48:05","date_gmt":"2021-05-11T15:48:05","guid":{"rendered":"http:\/\/www.centraldenoticias.com.ar\/?p=21185"},"modified":"2021-05-11T12:48:05","modified_gmt":"2021-05-11T15:48:05","slug":"una-peticion-para-declarar-area-protegida-al-cerro-largo","status":"publish","type":"post","link":"https:\/\/cdnoticias.com\/index.php\/2021\/05\/11\/una-peticion-para-declarar-area-protegida-al-cerro-largo\/","title":{"rendered":"Una petici\u00f3n para declarar \u201c\u00e1rea protegida\u201d al Cerro Largo"},"content":{"rendered":"<p>Se present\u00f3 en la plataforma Change.org y ya super\u00f3 las 5.800 firmas. La preservaci\u00f3n de \u201clos bienes de una naci\u00f3n\u201d, las actividades \u201ccompatibles\u201d y \u201cel compromiso y trabajo\u201d de los representantes.<\/p>\n<p><!--more--><\/p>\n<hr \/>\n<p>Tal como adelant\u00f3<strong> Central de Noticias<\/strong>, <a href=\"https:\/\/cdnoticias.com\/index.php\/2021\/05\/02\/vecinos-de-sierras-bayas-piden-nuevamente-no-a-la-explotacion-de-cerro-largo\/\" target=\"_blank\" rel=\"noopener\">desde Sierras Bayas se impulsa<\/a> la <strong>declaraci\u00f3n de \u201c\u00e1rea protegida\u201d para el Cerro Largo<\/strong>.<\/p>\n<p>&nbsp;<\/p>\n<p>En ese marco, se present\u00f3 <a href=\"https:\/\/www.change.org\/p\/gobierno-nacional-queremos-que-el-cerro-largo-sea-declarado-%C3%A1rea-protegida?recruiter=942689690&amp;utm_source=share_petition&amp;utm_campaign=psf_combo_share_initial&amp;utm_medium=whatsapp&amp;utm_content=washarecopy_28786629_es-AR%3A4&amp;recruited_by_id=13ce9570-47d6-11e9-9b1a-bd21835d0058\" target=\"_blank\" rel=\"noopener\">una solicitud en la plataforma Change.org<\/a> que <strong>ya super\u00f3 las 5.800 firmas<\/strong>. <em>\u201cVecinos Autoconvocados en Defensa del Cerro Largo de Sierras Bayas\u201d<\/em> son los autores de la iniciativa dirigida al Gobierno Nacional.<\/p>\n<p>&nbsp;<\/p>\n<p>Tuvieron en cuenta distintos aspectos, entre ellos, <strong>la preservaci\u00f3n de \u201clos bienes de una naci\u00f3n\u201d<\/strong>, el desarrollo en el lugar de <strong>actividades \u201ccompatibles con la preservaci\u00f3n\u201d<\/strong> y la importancia de <strong>coordinar \u201cel compromiso y trabajo de todos nuestros representantes\u201d<\/strong>.<\/p>\n<p>&nbsp;<\/p>\n<blockquote><p>Se\u00f1alaron que se trata de un pedido iniciado hace ocho a\u00f1os: \u201cdesde 2013 un grupo de vecinos autoconvocados se pronunciaron en defensa (de cerro) para que sea declarado \u00e1rea protegida. Hoy 2021 reformulamos y corroboramos lo expresado en dicho petitorio\u201d.<\/p><\/blockquote>\n<p>&nbsp;<\/p>\n<p>En ese marco definieron que \u201clos bienes de una naci\u00f3n son conformados por el <strong>patrimonio cultural y el natural<\/strong>\u201d. Dentro del \u00faltimo se cuentan las \u201cconformaciones geol\u00f3gicas y biol\u00f3gicas de una regi\u00f3n\u201d.<\/p>\n<p>&nbsp;<\/p>\n<p>En ese marco se pidi\u00f3 la declaraci\u00f3n de \u201c\u00e1rea protegida para <strong>regular y discriminar<\/strong> en forma clara aquellas actividades que sean factibles de realizar en pos de promover el uso recreativo, cultural, educativo y tur\u00edstico. Todos ellos objetivos compatibles con la preservaci\u00f3n del \u00e1rea\u201d.<\/p>\n<p>&nbsp;<\/p>\n<p>Tambi\u00e9n se expres\u00f3 el planteo para que \u201c<strong>el compromiso y trabajo de todos nuestros representantes<\/strong> tenga, entre otros, el objetivo de preservar el Cerro Largo\u201d.<\/p>\n<p>&nbsp;<\/p>\n<p>Asimismo, a la conservaci\u00f3n del cerro ligaron tambi\u00e9n <strong>\u201cel rescate y preservaci\u00f3n de Monte Pelloni\u201d<\/strong>, el ex Centro Clandestino de Detenci\u00f3n durante la \u00faltima dictadura c\u00edvico militar, ubicado a pocos metros del cerro.<\/p>\n<p>&nbsp;<\/p>\n<p>Por \u00faltimo, tuvieron en cuenta el<strong> \u201cextraordinario valor geol\u00f3gico, ambiental, paisaj\u00edstico, hist\u00f3rico, paleontol\u00f3gico\u201d<\/strong> del sector sobre el que agregaron \u201ccuya preservaci\u00f3n es una condici\u00f3n imprescindible para un desarrollo genuino y sostenible y como bien com\u00fan de la humanidad\u201d.<\/p>\n","protected":false},"excerpt":{"rendered":"<p>Se present\u00f3 en la plataforma Change.org y ya super\u00f3 las 5.800 firmas. La preservaci\u00f3n de \u201clos bienes de una naci\u00f3n\u201d,<\/p>\n","protected":false},"author":4,"featured_media":21187,"comment_status":"closed","ping_status":"closed","sticky":false,"template":"","format":"standard","meta":{"_jetpack_memberships_contains_paid_content":false,"footnotes":""},"categories":[5,1],"tags":[],"class_list":["post-21185","post","type-post","status-publish","format-standard","has-post-thumbnail","hentry","category-informacion-general","category-portada"],"jetpack_featured_media_url":"https:\/\/i0.wp.com\/cdnoticias.com\/wp-content\/uploads\/2021\/05\/cerro-largo-sierras-bayas.jpg?fit=800%2C450&ssl=1","jetpack_sharing_enabled":true,"_links":{"self":[{"href":"https:\/\/cdnoticias.com\/index.php\/wp-json\/wp\/v2\/posts\/21185","targetHints":{"allow":["GET"]}}],"collection":[{"href":"https:\/\/cdnoticias.com\/index.php\/wp-json\/wp\/v2\/posts"}],"about":[{"href":"https:\/\/cdnoticias.com\/index.php\/wp-json\/wp\/v2\/types\/post"}],"author":[{"embeddable":true,"href":"https:\/\/cdnoticias.com\/index.php\/wp-json\/wp\/v2\/users\/4"}],"replies":[{"embeddable":true,"href":"https:\/\/cdnoticias.com\/index.php\/wp-json\/wp\/v2\/comments?post=21185"}],"version-history":[{"count":0,"href":"https:\/\/cdnoticias.com\/index.php\/wp-json\/wp\/v2\/posts\/21185\/revisions"}],"wp:featuredmedia":[{"embeddable":true,"href":"https:\/\/cdnoticias.com\/index.php\/wp-json\/wp\/v2\/media\/21187"}],"wp:attachment":[{"href":"https:\/\/cdnoticias.com\/index.php\/wp-json\/wp\/v2\/media?parent=21185"}],"wp:term":[{"taxonomy":"category","embeddable":true,"href":"https:\/\/cdnoticias.com\/index.php\/wp-json\/wp\/v2\/categories?post=21185"},{"taxonomy":"post_tag","embeddable":true,"href":"https:\/\/cdnoticias.com\/index.php\/wp-json\/wp\/v2\/tags?post=21185"}],"curies":[{"name":"wp","href":"https:\/\/api.w.org\/{rel}","templated":true}]}}