{"id":21171,"date":"2021-05-11T09:36:37","date_gmt":"2021-05-11T12:36:37","guid":{"rendered":"http:\/\/www.centraldenoticias.com.ar\/?p=21171"},"modified":"2021-05-11T10:33:02","modified_gmt":"2021-05-11T13:33:02","slug":"secuestraron-dos-armas-y-municiones-en-un-allanamiento","status":"publish","type":"post","link":"https:\/\/cdnoticias.com\/index.php\/2021\/05\/11\/secuestraron-dos-armas-y-municiones-en-un-allanamiento\/","title":{"rendered":"Secuestraron dos armas y municiones en un allanamiento"},"content":{"rendered":"<p>Fue en una causa por \u201camenazas calificadas\u201d que se denunci\u00f3 el fin de semana en Loma Negra.<!--more--><\/p>\n<hr \/>\n<p><strong>Dos armas de fuego fueron secuestradas en un allanamiento<\/strong> en el marco de una investigaci\u00f3n por <strong>\u201camenazas calificadas\u201d<\/strong> se llev\u00f3 adelante en las \u00faltimas horas <strong>en la localidad de Loma Negra<\/strong>.<\/p>\n<p>&nbsp;<\/p>\n<p>El caso que se investiga sucedi\u00f3 el s\u00e1bado. Seg\u00fan se detall\u00f3, <strong>una mujer denunci\u00f3 que un hombre armado la hab\u00eda amenazado<\/strong>.<\/p>\n<p>&nbsp;<\/p>\n<p>El operativo estuvo a cargo de la subcomisar\u00eda de la localidad y tuvo lugar en <strong>una vivienda de Islas Malvinas al 4300<\/strong>.<\/p>\n<p>&nbsp;<\/p>\n<blockquote><p>Se detall\u00f3 que fueron secuestrados un arma de fuego tipo carabina calibre 22 y un arma de fuego tipo escopeta calibre 16. Tambi\u00e9n, m\u00e1s de 40 municiones calibre 22 y dem\u00e1s elementos de inter\u00e9s.<\/p><\/blockquote>\n<p>&nbsp;<\/p>\n<p>El morador del domicilio allanado fue notificado de las actuaciones. Los art\u00edculos secuestrados fueron trasladados a la sede policial de Loma Negra.<\/p>\n<p>&nbsp;<\/p>\n<p>La orden de allanamiento fue otorgada por el <strong>Juzgado de Garant\u00edas 2<\/strong>, a solicitud de la <strong>UFI N\u00b0 10<\/strong> que encabeza el fiscal Miguel Pi\u00f1eiro, que lleva adelante la causa penal.<\/p>\n","protected":false},"excerpt":{"rendered":"<p>Fue en una causa por \u201camenazas calificadas\u201d que se denunci\u00f3 el fin de semana en Loma Negra.<\/p>\n","protected":false},"author":4,"featured_media":21173,"comment_status":"closed","ping_status":"closed","sticky":false,"template":"","format":"standard","meta":{"_jetpack_memberships_contains_paid_content":false,"footnotes":""},"categories":[14,1],"tags":[],"class_list":["post-21171","post","type-post","status-publish","format-standard","has-post-thumbnail","hentry","category-policiales","category-portada"],"jetpack_featured_media_url":"https:\/\/i0.wp.com\/cdnoticias.com\/wp-content\/uploads\/2021\/05\/allanamiento-loma-negra.jpg?fit=800%2C445&ssl=1","jetpack_sharing_enabled":true,"_links":{"self":[{"href":"https:\/\/cdnoticias.com\/index.php\/wp-json\/wp\/v2\/posts\/21171","targetHints":{"allow":["GET"]}}],"collection":[{"href":"https:\/\/cdnoticias.com\/index.php\/wp-json\/wp\/v2\/posts"}],"about":[{"href":"https:\/\/cdnoticias.com\/index.php\/wp-json\/wp\/v2\/types\/post"}],"author":[{"embeddable":true,"href":"https:\/\/cdnoticias.com\/index.php\/wp-json\/wp\/v2\/users\/4"}],"replies":[{"embeddable":true,"href":"https:\/\/cdnoticias.com\/index.php\/wp-json\/wp\/v2\/comments?post=21171"}],"version-history":[{"count":0,"href":"https:\/\/cdnoticias.com\/index.php\/wp-json\/wp\/v2\/posts\/21171\/revisions"}],"wp:featuredmedia":[{"embeddable":true,"href":"https:\/\/cdnoticias.com\/index.php\/wp-json\/wp\/v2\/media\/21173"}],"wp:attachment":[{"href":"https:\/\/cdnoticias.com\/index.php\/wp-json\/wp\/v2\/media?parent=21171"}],"wp:term":[{"taxonomy":"category","embeddable":true,"href":"https:\/\/cdnoticias.com\/index.php\/wp-json\/wp\/v2\/categories?post=21171"},{"taxonomy":"post_tag","embeddable":true,"href":"https:\/\/cdnoticias.com\/index.php\/wp-json\/wp\/v2\/tags?post=21171"}],"curies":[{"name":"wp","href":"https:\/\/api.w.org\/{rel}","templated":true}]}}