{"id":21165,"date":"2021-05-10T20:31:05","date_gmt":"2021-05-10T23:31:05","guid":{"rendered":"http:\/\/www.centraldenoticias.com.ar\/?p=21165"},"modified":"2021-05-10T20:31:05","modified_gmt":"2021-05-10T23:31:05","slug":"este-martes-llegaran-a-olavarria-4200-segundas-dosis-de-la-vacuna-sinopharm","status":"publish","type":"post","link":"https:\/\/cdnoticias.com\/index.php\/2021\/05\/10\/este-martes-llegaran-a-olavarria-4200-segundas-dosis-de-la-vacuna-sinopharm\/","title":{"rendered":"Este martes llegar\u00e1n a Olavarr\u00eda 4200 segundas dosis de la vacuna Sinopharm"},"content":{"rendered":"<p>Adem\u00e1s, este lunes fueron inoculadas m\u00e1s de 400 personas.<!--more--><\/p>\n<hr \/>\n<p>Avanza a paso firme el plan de vacunaci\u00f3n en nuestra ciudad. Al punto que <strong>este lunes fueron inmunizadas m\u00e1s de 400 personas y este martes llegar\u00e1n 4200 segundas dosis de la vacuna Sinopharm.<\/strong><\/p>\n<p>&nbsp;<\/p>\n<p><img data-recalc-dims=\"1\" loading=\"lazy\" decoding=\"async\" class=\"alignnone size-full wp-image-18462\" src=\"https:\/\/i0.wp.com\/cdnoticias.com\/wp-content\/uploads\/2021\/04\/WhatsApp-Image-2021-04-09-at-20.49.57.jpeg?resize=800%2C530&#038;ssl=1\" alt=\"\" width=\"800\" height=\"530\" srcset=\"https:\/\/i0.wp.com\/cdnoticias.com\/wp-content\/uploads\/2021\/04\/WhatsApp-Image-2021-04-09-at-20.49.57.jpeg?w=960&amp;ssl=1 960w, https:\/\/i0.wp.com\/cdnoticias.com\/wp-content\/uploads\/2021\/04\/WhatsApp-Image-2021-04-09-at-20.49.57.jpeg?resize=300%2C199&amp;ssl=1 300w, https:\/\/i0.wp.com\/cdnoticias.com\/wp-content\/uploads\/2021\/04\/WhatsApp-Image-2021-04-09-at-20.49.57.jpeg?resize=768%2C509&amp;ssl=1 768w\" sizes=\"auto, (max-width: 800px) 100vw, 800px\" \/><\/p>\n<p>&nbsp;<\/p>\n<p>De acuerdo con lo que se precis\u00f3 desde Regi\u00f3n Sanitaria IX, en la jornada de este lunes\u00a0<strong> fueron inoculadas 44 personas en la Mutual \u00a0\u201cCarlos Alberto Moreno\u201d, otras 160 en el Servicio Territorial Municipal 2, mientras que en el Hospital de Oncolog\u00eda 168 olavarrienses ya recibieron el segundo componente.<\/strong><\/p>\n<p>&nbsp;<\/p>\n<p>Por \u00faltimo, en flamante centro de vacunaci\u00f3n instalado en el Sal\u00f3n de Usos M\u00faltiples de la <strong>Facultad de Ciencias de la Salud fueron inmunizadas 36 personas. En total fueron vacunadas 408 personas.<\/strong><\/p>\n<p>&nbsp;<\/p>\n<p><img data-recalc-dims=\"1\" loading=\"lazy\" decoding=\"async\" class=\"alignnone size-full wp-image-19323\" src=\"https:\/\/i0.wp.com\/cdnoticias.com\/wp-content\/uploads\/2021\/04\/vacuna-covid00.jpg?resize=800%2C445&#038;ssl=1\" alt=\"\" width=\"800\" height=\"445\" srcset=\"https:\/\/i0.wp.com\/cdnoticias.com\/wp-content\/uploads\/2021\/04\/vacuna-covid00.jpg?w=800&amp;ssl=1 800w, https:\/\/i0.wp.com\/cdnoticias.com\/wp-content\/uploads\/2021\/04\/vacuna-covid00.jpg?resize=300%2C167&amp;ssl=1 300w, https:\/\/i0.wp.com\/cdnoticias.com\/wp-content\/uploads\/2021\/04\/vacuna-covid00.jpg?resize=768%2C427&amp;ssl=1 768w\" sizes=\"auto, (max-width: 800px) 100vw, 800px\" \/><\/p>\n<p>&nbsp;<\/p>\n<p>Asimismo, <strong>esta previsto la llegada este martes por la ma\u00f1ana de 4200 segundas dosis de Sinopharm<\/strong>. Se agreg\u00f3 que ser\u00e1n distribuidas 1200 para la Facultad de Ciencias de Salud, 1200 para el Hospital de Oncolog\u00eda, 1200 para el Servicio Territorial 2 y 600 para la Mutual Carlos Alberto Moreno.<\/p>\n<p>&nbsp;<\/p>\n<p><strong>Como siempre la vacunaci\u00f3n es \u00fanicamente por turnos, tanto para primeras como segundas dosis,\u00a0 por lo que se le pide a la comunidad que est\u00e9n atentos a los mensajes con la notificaci\u00f3n del d\u00eda y horario para aplicarse la dosis correspondiente<\/strong>.\u00a0Todos los interesados en acceder al plan provincial de vacunaci\u00f3n contra el coronavirus, que es p\u00fablico, gratuito y optativo, pueden sacar turno de manera virtual entrando en la <a href=\"https:\/\/vacunatepba.gba.gob.ar\/\" target=\"_blank\" rel=\"noopener\">p\u00e1gina del Programa Vacunate<\/a>\u00a0 o de forma presencial en ANSES, IOMA, PAMI, Ministerio de trabajo, Centro de Documentaci\u00f3n R\u00e1pida, entre otros.<\/p>\n","protected":false},"excerpt":{"rendered":"<p>Adem\u00e1s, este lunes fueron inoculadas m\u00e1s de 400 personas.<\/p>\n","protected":false},"author":3,"featured_media":18463,"comment_status":"closed","ping_status":"closed","sticky":false,"template":"","format":"standard","meta":{"_jetpack_memberships_contains_paid_content":false,"footnotes":""},"categories":[16,1],"tags":[],"class_list":["post-21165","post","type-post","status-publish","format-standard","has-post-thumbnail","hentry","category-covid-19","category-portada"],"jetpack_featured_media_url":"https:\/\/i0.wp.com\/cdnoticias.com\/wp-content\/uploads\/2021\/04\/WhatsApp-Image-2021-04-09-at-20.49.55.jpeg?fit=720%2C443&ssl=1","jetpack_sharing_enabled":true,"_links":{"self":[{"href":"https:\/\/cdnoticias.com\/index.php\/wp-json\/wp\/v2\/posts\/21165","targetHints":{"allow":["GET"]}}],"collection":[{"href":"https:\/\/cdnoticias.com\/index.php\/wp-json\/wp\/v2\/posts"}],"about":[{"href":"https:\/\/cdnoticias.com\/index.php\/wp-json\/wp\/v2\/types\/post"}],"author":[{"embeddable":true,"href":"https:\/\/cdnoticias.com\/index.php\/wp-json\/wp\/v2\/users\/3"}],"replies":[{"embeddable":true,"href":"https:\/\/cdnoticias.com\/index.php\/wp-json\/wp\/v2\/comments?post=21165"}],"version-history":[{"count":0,"href":"https:\/\/cdnoticias.com\/index.php\/wp-json\/wp\/v2\/posts\/21165\/revisions"}],"wp:featuredmedia":[{"embeddable":true,"href":"https:\/\/cdnoticias.com\/index.php\/wp-json\/wp\/v2\/media\/18463"}],"wp:attachment":[{"href":"https:\/\/cdnoticias.com\/index.php\/wp-json\/wp\/v2\/media?parent=21165"}],"wp:term":[{"taxonomy":"category","embeddable":true,"href":"https:\/\/cdnoticias.com\/index.php\/wp-json\/wp\/v2\/categories?post=21165"},{"taxonomy":"post_tag","embeddable":true,"href":"https:\/\/cdnoticias.com\/index.php\/wp-json\/wp\/v2\/tags?post=21165"}],"curies":[{"name":"wp","href":"https:\/\/api.w.org\/{rel}","templated":true}]}}