{"id":21153,"date":"2021-05-10T18:21:15","date_gmt":"2021-05-10T21:21:15","guid":{"rendered":"http:\/\/www.centraldenoticias.com.ar\/?p=21153"},"modified":"2021-05-10T18:21:15","modified_gmt":"2021-05-10T21:21:15","slug":"toma-en-barrio-lourdes-las-familias-estan-dispuestas-a-seguir-luchando","status":"publish","type":"post","link":"https:\/\/cdnoticias.com\/index.php\/2021\/05\/10\/toma-en-barrio-lourdes-las-familias-estan-dispuestas-a-seguir-luchando\/","title":{"rendered":"Toma en barrio Lourdes: \u201cLas familias est\u00e1n dispuestas a seguir luchando\u201d"},"content":{"rendered":"<p>Este lunes vence el plazo para el desalojo voluntario. Los vecinos que permanecen en el lugar esperan ser recibidos por las autoridades.<!--more--><\/p>\n<hr \/>\n<p><strong>\u201cEntienden que no se le est\u00e1 ofreciendo ninguna soluci\u00f3n\u201d<\/strong>, explic\u00f3 a <em><strong>Central de Noticias<\/strong><\/em> Yessica Almeida, referente local del Polo Obrero y quien desde el inicio del conflicto se encuentra acompa\u00f1ando a las familias en<strong> la toma que desde hace ya varias semanas se encuentra vigente sobre el extremo norte del barrio Lourdes.<\/strong><\/p>\n<p>&nbsp;<\/p>\n<p><img data-recalc-dims=\"1\" loading=\"lazy\" decoding=\"async\" class=\"alignnone size-full wp-image-18156\" src=\"https:\/\/i0.wp.com\/cdnoticias.com\/wp-content\/uploads\/2021\/04\/toma08.jpg?resize=800%2C445&#038;ssl=1\" alt=\"\" width=\"800\" height=\"445\" srcset=\"https:\/\/i0.wp.com\/cdnoticias.com\/wp-content\/uploads\/2021\/04\/toma08.jpg?w=800&amp;ssl=1 800w, https:\/\/i0.wp.com\/cdnoticias.com\/wp-content\/uploads\/2021\/04\/toma08.jpg?resize=300%2C167&amp;ssl=1 300w, https:\/\/i0.wp.com\/cdnoticias.com\/wp-content\/uploads\/2021\/04\/toma08.jpg?resize=768%2C427&amp;ssl=1 768w\" sizes=\"auto, (max-width: 800px) 100vw, 800px\" \/><\/p>\n<p>&nbsp;<\/p>\n<p>En los \u00faltimos d\u00edas todo ha ganado en incertidumbre y tensi\u00f3n. Todo a partir de lo sucedido el \u00faltimo jueves, <a href=\"https:\/\/cdnoticias.com\/index.php\/2021\/05\/06\/barrio-lourdes-felizmente-hubo-un-acuerdo-los-vecinos-se-retiraran-de-la-toma\/\" target=\"_blank\" rel=\"noopener\">tras la audiencia de la que tomaron parte no s\u00f3lo funcionarios locales y provinciales, sino tambi\u00e9n referentes del reclamo<\/a>. <strong>\u201cFelizmente hubo un acuerdo\u201d<\/strong>, fue lo que enfatiz\u00f3 el titular de la Secretar\u00eda de H\u00e1bitat de la Defensor\u00eda del Pueblo, Alejandro Rusconi, una vez culminado ese encuentro.<\/p>\n<p>&nbsp;<\/p>\n<p>\u201cFelizmente hubo un acuerdo,<strong> lo que nos afirmaron los vecinos delegados es retirarse de la toma con una propuesta del Estado Municipal de ver los casos de las personas que est\u00e1n viviendo en la toma<\/strong> (dado que no todos est\u00e1n viviendo) que son 20 familias\u201d, a\u00f1adi\u00f3 en aquel entonces el funcionario.<\/p>\n<p>&nbsp;<\/p>\n<p><img data-recalc-dims=\"1\" loading=\"lazy\" decoding=\"async\" class=\"alignnone size-full wp-image-20840\" src=\"https:\/\/i0.wp.com\/cdnoticias.com\/wp-content\/uploads\/2021\/05\/rusconi-reunion-municipio.jpg?resize=800%2C536&#038;ssl=1\" alt=\"\" width=\"800\" height=\"536\" srcset=\"https:\/\/i0.wp.com\/cdnoticias.com\/wp-content\/uploads\/2021\/05\/rusconi-reunion-municipio.jpg?w=881&amp;ssl=1 881w, https:\/\/i0.wp.com\/cdnoticias.com\/wp-content\/uploads\/2021\/05\/rusconi-reunion-municipio.jpg?resize=300%2C201&amp;ssl=1 300w, https:\/\/i0.wp.com\/cdnoticias.com\/wp-content\/uploads\/2021\/05\/rusconi-reunion-municipio.jpg?resize=768%2C514&amp;ssl=1 768w, https:\/\/i0.wp.com\/cdnoticias.com\/wp-content\/uploads\/2021\/05\/rusconi-reunion-municipio.jpg?resize=272%2C182&amp;ssl=1 272w\" sizes=\"auto, (max-width: 800px) 100vw, 800px\" \/><\/p>\n<p>&nbsp;<\/p>\n<p>Sin embargo, un par de d\u00edas despu\u00e9s un grupo de vecinos que tambi\u00e9n forma parte de la toma<a href=\"https:\/\/cdnoticias.com\/index.php\/2021\/05\/09\/no-nos-vamos-de-los-terrenos-hasta-tener-una-respuesta-a-nuestra-demanda-habitacional\/\" target=\"_blank\" rel=\"noopener\"> emiti\u00f3 un comunicado en el que desconocen ese acuerdo<\/a>. \u201cDesmentimos que se hayan solucionado los problemas que las distintas familias atravesamos. No se dio ninguna soluci\u00f3n concreta a nuestra necesidad de acceder a un terreno para poder construir viviendas dignas. <strong>La gran mayor\u00eda ya estamos incluidos en el `registro de demanda habitacional\u00b4, incluso desde hace a\u00f1os, pero el figurar en ese listado no nos ha solucionado nada\u201d<\/strong>, expresaron en ese escrito a medida que reclamaban por una nueva audiencia, en la que exigieron que est\u00e9 presente el intendente Ezequiel Galli.<\/p>\n<p>&nbsp;<\/p>\n<p>Desde all\u00ed todo ha transcurrido en una tensa calma, pero el dato a tener en cuenta es que <strong>con el cierre de este lunes vence el plazo dado desde la justicia para llevar a cabo un desalojo voluntario de los terrenos<\/strong>, seg\u00fan se narr\u00f3 tambi\u00e9n tras la audiencia del jueves. Vencido el plazo, \u201cel fiscal podr\u00e1 informar a la polic\u00eda para que desaloje\u201d, explicaron d\u00edas atr\u00e1s.<\/p>\n<p>&nbsp;<\/p>\n<p><img data-recalc-dims=\"1\" loading=\"lazy\" decoding=\"async\" class=\"alignnone size-large wp-image-18128\" src=\"https:\/\/i0.wp.com\/cdnoticias.com\/wp-content\/uploads\/2021\/04\/usurpaci%C3%B3n-lourdes-almeida-cdn-1024x768.jpg?resize=800%2C600&#038;ssl=1\" alt=\"\" width=\"800\" height=\"600\" srcset=\"https:\/\/i0.wp.com\/cdnoticias.com\/wp-content\/uploads\/2021\/04\/usurpaci%C3%B3n-lourdes-almeida-cdn.jpg?resize=1024%2C768&amp;ssl=1 1024w, https:\/\/i0.wp.com\/cdnoticias.com\/wp-content\/uploads\/2021\/04\/usurpaci%C3%B3n-lourdes-almeida-cdn.jpg?resize=300%2C225&amp;ssl=1 300w, https:\/\/i0.wp.com\/cdnoticias.com\/wp-content\/uploads\/2021\/04\/usurpaci%C3%B3n-lourdes-almeida-cdn.jpg?resize=768%2C576&amp;ssl=1 768w, https:\/\/i0.wp.com\/cdnoticias.com\/wp-content\/uploads\/2021\/04\/usurpaci%C3%B3n-lourdes-almeida-cdn.jpg?w=1280&amp;ssl=1 1280w\" sizes=\"auto, (max-width: 800px) 100vw, 800px\" \/><\/p>\n<p>&nbsp;<\/p>\n<p>Las voces consultadas no han arrojado mayores precisiones acerca de c\u00f3mo seguir\u00e1 todo en las pr\u00f3ximas horas, lo \u00fanico en lo que se coincidi\u00f3 es que<strong> el plazo es hasta este lunes inclusive<\/strong>. Luego restar\u00e1 conocer cu\u00e1l ser\u00e1 la determinaci\u00f3n que adopte el doctor Miguel Pi\u00f1eiro, quien actualmente se encuentra subrogando la UFI 10. <strong>\u201cLa gente sigue en la toma, esperando a ver si les habilitan una nueva reuni\u00f3n\u201d<\/strong>, a\u00f1adi\u00f3 Almeida, quien agreg\u00f3 que est\u00e1n en continuo contacto con fuentes judiciales para conocer el avance de la causa y, a la par, con la Defensor\u00eda del Pueblo para ver si se puede lograr un nuevo encuentro.<\/p>\n<p>&nbsp;<\/p>\n<p><strong>\u201cEn el registro de h\u00e1bitat local ya est\u00e1n, eso no es garant\u00eda de nada, quieren irse de ah\u00ed con alguna soluci\u00f3n. Si los desalojan de all\u00ed van a seguir con el reclamo en otro lugar. Las familias est\u00e1n dispuestas a seguir luchando\u201d<\/strong>, concluy\u00f3.<\/p>\n","protected":false},"excerpt":{"rendered":"<p>Este lunes vence el plazo para el desalojo voluntario. Los vecinos que permanecen en el lugar esperan ser recibidos por<\/p>\n","protected":false},"author":4,"featured_media":21154,"comment_status":"closed","ping_status":"closed","sticky":false,"template":"","format":"standard","meta":{"_jetpack_memberships_contains_paid_content":false,"footnotes":""},"categories":[5,1],"tags":[],"class_list":["post-21153","post","type-post","status-publish","format-standard","has-post-thumbnail","hentry","category-informacion-general","category-portada"],"jetpack_featured_media_url":"https:\/\/i0.wp.com\/cdnoticias.com\/wp-content\/uploads\/2021\/05\/toma.jpg?fit=800%2C445&ssl=1","jetpack_sharing_enabled":true,"_links":{"self":[{"href":"https:\/\/cdnoticias.com\/index.php\/wp-json\/wp\/v2\/posts\/21153","targetHints":{"allow":["GET"]}}],"collection":[{"href":"https:\/\/cdnoticias.com\/index.php\/wp-json\/wp\/v2\/posts"}],"about":[{"href":"https:\/\/cdnoticias.com\/index.php\/wp-json\/wp\/v2\/types\/post"}],"author":[{"embeddable":true,"href":"https:\/\/cdnoticias.com\/index.php\/wp-json\/wp\/v2\/users\/4"}],"replies":[{"embeddable":true,"href":"https:\/\/cdnoticias.com\/index.php\/wp-json\/wp\/v2\/comments?post=21153"}],"version-history":[{"count":0,"href":"https:\/\/cdnoticias.com\/index.php\/wp-json\/wp\/v2\/posts\/21153\/revisions"}],"wp:featuredmedia":[{"embeddable":true,"href":"https:\/\/cdnoticias.com\/index.php\/wp-json\/wp\/v2\/media\/21154"}],"wp:attachment":[{"href":"https:\/\/cdnoticias.com\/index.php\/wp-json\/wp\/v2\/media?parent=21153"}],"wp:term":[{"taxonomy":"category","embeddable":true,"href":"https:\/\/cdnoticias.com\/index.php\/wp-json\/wp\/v2\/categories?post=21153"},{"taxonomy":"post_tag","embeddable":true,"href":"https:\/\/cdnoticias.com\/index.php\/wp-json\/wp\/v2\/tags?post=21153"}],"curies":[{"name":"wp","href":"https:\/\/api.w.org\/{rel}","templated":true}]}}