{"id":21125,"date":"2021-05-10T13:13:28","date_gmt":"2021-05-10T16:13:28","guid":{"rendered":"http:\/\/www.centraldenoticias.com.ar\/?p=21125"},"modified":"2021-05-10T13:13:28","modified_gmt":"2021-05-10T16:13:28","slug":"charla-sobre-inclusion-y-equidad-en-el-dia-de-la-mineria","status":"publish","type":"post","link":"https:\/\/cdnoticias.com\/index.php\/2021\/05\/10\/charla-sobre-inclusion-y-equidad-en-el-dia-de-la-mineria\/","title":{"rendered":"Charla sobre inclusi\u00f3n y equidad en el D\u00eda de la Miner\u00eda"},"content":{"rendered":"<p>En el marco de la carrera de Auxiliar T\u00e9cnico en Miner\u00eda se ofreci\u00f3 una charla en la Secundaria 2 de Sierras Bayas donde estuvo Nelba Porcel, conductora de volquetes y retroexcavadoras.<!--more--><\/p>\n<hr \/>\n<p><strong>El viernes se celebr\u00f3 el D\u00eda de la Miner\u00eda en el pa\u00eds y, desde la carrera de Auxiliar T\u00e9cnico en Miner\u00eda, se ofreci\u00f3 una charla para analizar el lugar que ocupa la mujer en el sector<\/strong>. <em>\u201cA\u00fan queda mucho por hacer y legislar para alcanzar la equidad\u201d<\/em> se destac\u00f3 desde la organizaci\u00f3n de la actividad.<\/p>\n<p>&nbsp;<\/p>\n<p>La charla tuvo lugar a trav\u00e9s del <strong>Sistema Dual de educaci\u00f3n en Sierras Bayas<\/strong> y fue oradora invitada <strong>Nelba Porcel, conductora de volquetes y retroexcavadoras<\/strong> en canteras del partido de Olavarr\u00eda.<\/p>\n<p><img data-recalc-dims=\"1\" loading=\"lazy\" decoding=\"async\" class=\"aligncenter wp-image-21127\" src=\"https:\/\/i0.wp.com\/cdnoticias.com\/wp-content\/uploads\/2021\/05\/mineria-mujerw03.jpg?resize=400%2C347&#038;ssl=1\" alt=\"\" width=\"400\" height=\"347\" srcset=\"https:\/\/i0.wp.com\/cdnoticias.com\/wp-content\/uploads\/2021\/05\/mineria-mujerw03.jpg?w=600&amp;ssl=1 600w, https:\/\/i0.wp.com\/cdnoticias.com\/wp-content\/uploads\/2021\/05\/mineria-mujerw03.jpg?resize=300%2C260&amp;ssl=1 300w\" sizes=\"auto, (max-width: 400px) 100vw, 400px\" \/><\/p>\n<p>&nbsp;<\/p>\n<p>\u201cRelat\u00f3 su experiencia destacando que<strong> el desaf\u00edo de la mujer \u00b4no es masculinizarse\u00b4 ante la pr\u00e1ctica laboral y desempe\u00f1arla con total naturalidad<\/strong>\u201d se inform\u00f3 al difundir la actividad que<em> busc\u00f3 instar a m\u00e1s mujeres a capacitarse y tener confianza para sumarse al rubro<\/em>.<\/p>\n<p>&nbsp;<\/p>\n<blockquote><p>Nelba Porcel hizo hincapi\u00e9 en que \u201clos tiempos han cambiado y la presencia de la mujer en este tipo de trabajos se valora mucho m\u00e1s\u201d.<\/p><\/blockquote>\n<p>&nbsp;<\/p>\n<p><img data-recalc-dims=\"1\" loading=\"lazy\" decoding=\"async\" class=\"alignnone size-full wp-image-21129\" src=\"https:\/\/i0.wp.com\/cdnoticias.com\/wp-content\/uploads\/2021\/05\/mineria-mujerw02.jpg?resize=800%2C445&#038;ssl=1\" alt=\"\" width=\"800\" height=\"445\" srcset=\"https:\/\/i0.wp.com\/cdnoticias.com\/wp-content\/uploads\/2021\/05\/mineria-mujerw02.jpg?w=800&amp;ssl=1 800w, https:\/\/i0.wp.com\/cdnoticias.com\/wp-content\/uploads\/2021\/05\/mineria-mujerw02.jpg?resize=300%2C167&amp;ssl=1 300w, https:\/\/i0.wp.com\/cdnoticias.com\/wp-content\/uploads\/2021\/05\/mineria-mujerw02.jpg?resize=768%2C427&amp;ssl=1 768w\" sizes=\"auto, (max-width: 800px) 100vw, 800px\" \/><\/p>\n<p>Adem\u00e1s cont\u00f3 vivencias y an\u00e9cdotas de cada jornada laboral que hace tiempo realiza.<\/p>\n<p>&nbsp;<\/p>\n<p>El Sistema Dual funciona desde hace m\u00e1s de 20 a\u00f1os en la <strong>escuela secundaria N\u00b0 2<\/strong> y los alumnos se reciben con el t\u00edtulo de Auxiliar T\u00e9cnico en Miner\u00eda. En la actualidad la matr\u00edcula cuenta con 17 futuros egresados.<\/p>\n","protected":false},"excerpt":{"rendered":"<p>En el marco de la carrera de Auxiliar T\u00e9cnico en Miner\u00eda se ofreci\u00f3 una charla en la Secundaria 2 de<\/p>\n","protected":false},"author":4,"featured_media":21128,"comment_status":"closed","ping_status":"closed","sticky":false,"template":"","format":"standard","meta":{"_jetpack_memberships_contains_paid_content":false,"footnotes":""},"categories":[3,1],"tags":[],"class_list":["post-21125","post","type-post","status-publish","format-standard","has-post-thumbnail","hentry","category-genero","category-portada"],"jetpack_featured_media_url":"https:\/\/i0.wp.com\/cdnoticias.com\/wp-content\/uploads\/2021\/05\/mineria-mujerw01.jpg?fit=800%2C445&ssl=1","jetpack_sharing_enabled":true,"_links":{"self":[{"href":"https:\/\/cdnoticias.com\/index.php\/wp-json\/wp\/v2\/posts\/21125","targetHints":{"allow":["GET"]}}],"collection":[{"href":"https:\/\/cdnoticias.com\/index.php\/wp-json\/wp\/v2\/posts"}],"about":[{"href":"https:\/\/cdnoticias.com\/index.php\/wp-json\/wp\/v2\/types\/post"}],"author":[{"embeddable":true,"href":"https:\/\/cdnoticias.com\/index.php\/wp-json\/wp\/v2\/users\/4"}],"replies":[{"embeddable":true,"href":"https:\/\/cdnoticias.com\/index.php\/wp-json\/wp\/v2\/comments?post=21125"}],"version-history":[{"count":0,"href":"https:\/\/cdnoticias.com\/index.php\/wp-json\/wp\/v2\/posts\/21125\/revisions"}],"wp:featuredmedia":[{"embeddable":true,"href":"https:\/\/cdnoticias.com\/index.php\/wp-json\/wp\/v2\/media\/21128"}],"wp:attachment":[{"href":"https:\/\/cdnoticias.com\/index.php\/wp-json\/wp\/v2\/media?parent=21125"}],"wp:term":[{"taxonomy":"category","embeddable":true,"href":"https:\/\/cdnoticias.com\/index.php\/wp-json\/wp\/v2\/categories?post=21125"},{"taxonomy":"post_tag","embeddable":true,"href":"https:\/\/cdnoticias.com\/index.php\/wp-json\/wp\/v2\/tags?post=21125"}],"curies":[{"name":"wp","href":"https:\/\/api.w.org\/{rel}","templated":true}]}}