{"id":21106,"date":"2021-05-10T09:16:11","date_gmt":"2021-05-10T12:16:11","guid":{"rendered":"http:\/\/www.centraldenoticias.com.ar\/?p=21106"},"modified":"2021-05-10T11:16:28","modified_gmt":"2021-05-10T14:16:28","slug":"este-martes-volvera-a-reunirse-la-comision-de-transporte-interurbano","status":"publish","type":"post","link":"https:\/\/cdnoticias.com\/index.php\/2021\/05\/10\/este-martes-volvera-a-reunirse-la-comision-de-transporte-interurbano\/","title":{"rendered":"Este martes volver\u00e1 a reunirse la comisi\u00f3n de transporte interurbano"},"content":{"rendered":"<p>El encuentro ser\u00e1 a las 10 en el Palacio Municipal. Estar\u00e1n representantes de UTA y trabajadores del sector.<!--more--><\/p>\n<hr \/>\n<p><strong>Este martes volver\u00e1 a reunirse la comisi\u00f3n de transporte interurbano de pasajeros<\/strong> que integra el Subsecretario de Gobierno municipal, Emilio Vitale, y concejales de todos los bloques.<\/p>\n<p>&nbsp;<\/p>\n<p>El encuentro se desarrollar\u00e1<strong> desde las 10 en el Palacio Municipal San Mart\u00edn<\/strong> y, <a href=\"https:\/\/cdnoticias.com\/index.php\/2021\/04\/20\/recorridos-y-frecuencias-ejes-de-la-segunda-reunion-del-transporte-interurbano\/\" target=\"_blank\" rel=\"noopener\">tal como se hab\u00eda adelantado,<\/a> se espera la <strong>asistencia de representantes de UTA y trabajadores del sector.<\/strong><\/p>\n<p>&nbsp;<\/p>\n<p>La \u00faltima reuni\u00f3n se hab\u00eda llevado adelante el 20 del mes pasado en la misma sede y el eje central hab\u00eda sido el an\u00e1lisis de <strong>los recorridos y las frecuencias<\/strong>.<\/p>\n","protected":false},"excerpt":{"rendered":"<p>El encuentro ser\u00e1 a las 10 en el Palacio Municipal. Estar\u00e1n representantes de UTA y trabajadores del sector.<\/p>\n","protected":false},"author":4,"featured_media":17528,"comment_status":"closed","ping_status":"closed","sticky":false,"template":"","format":"standard","meta":{"_jetpack_memberships_contains_paid_content":false,"footnotes":""},"categories":[5,1],"tags":[],"class_list":["post-21106","post","type-post","status-publish","format-standard","has-post-thumbnail","hentry","category-informacion-general","category-portada"],"jetpack_featured_media_url":"https:\/\/i0.wp.com\/cdnoticias.com\/wp-content\/uploads\/2021\/03\/comisiontransporte02.jpg?fit=800%2C445&ssl=1","jetpack_sharing_enabled":true,"_links":{"self":[{"href":"https:\/\/cdnoticias.com\/index.php\/wp-json\/wp\/v2\/posts\/21106","targetHints":{"allow":["GET"]}}],"collection":[{"href":"https:\/\/cdnoticias.com\/index.php\/wp-json\/wp\/v2\/posts"}],"about":[{"href":"https:\/\/cdnoticias.com\/index.php\/wp-json\/wp\/v2\/types\/post"}],"author":[{"embeddable":true,"href":"https:\/\/cdnoticias.com\/index.php\/wp-json\/wp\/v2\/users\/4"}],"replies":[{"embeddable":true,"href":"https:\/\/cdnoticias.com\/index.php\/wp-json\/wp\/v2\/comments?post=21106"}],"version-history":[{"count":0,"href":"https:\/\/cdnoticias.com\/index.php\/wp-json\/wp\/v2\/posts\/21106\/revisions"}],"wp:featuredmedia":[{"embeddable":true,"href":"https:\/\/cdnoticias.com\/index.php\/wp-json\/wp\/v2\/media\/17528"}],"wp:attachment":[{"href":"https:\/\/cdnoticias.com\/index.php\/wp-json\/wp\/v2\/media?parent=21106"}],"wp:term":[{"taxonomy":"category","embeddable":true,"href":"https:\/\/cdnoticias.com\/index.php\/wp-json\/wp\/v2\/categories?post=21106"},{"taxonomy":"post_tag","embeddable":true,"href":"https:\/\/cdnoticias.com\/index.php\/wp-json\/wp\/v2\/tags?post=21106"}],"curies":[{"name":"wp","href":"https:\/\/api.w.org\/{rel}","templated":true}]}}