{"id":21103,"date":"2021-05-10T09:03:28","date_gmt":"2021-05-10T12:03:28","guid":{"rendered":"http:\/\/www.centraldenoticias.com.ar\/?p=21103"},"modified":"2021-05-10T09:16:24","modified_gmt":"2021-05-10T12:16:24","slug":"quebranto-la-prohibicion-de-acercamiento-y-termino-en-la-comisaria","status":"publish","type":"post","link":"https:\/\/cdnoticias.com\/index.php\/2021\/05\/10\/quebranto-la-prohibicion-de-acercamiento-y-termino-en-la-comisaria\/","title":{"rendered":"Quebrant\u00f3 la prohibici\u00f3n de acercamiento y termin\u00f3 en la comisar\u00eda"},"content":{"rendered":"<p>Un joven de 22 a\u00f1os fue aprehendido en calle 19 al 3200. Se trata de un acusado por hechos de violencia de g\u00e9nero.<!--more--><\/p>\n<hr \/>\n<p>Una nueva intervenci\u00f3n policial en materia de<strong> violencia familiar y de g\u00e9nero<\/strong> se dio en las \u00faltimas horas en Olavarr\u00eda. En ese marco, <strong>un joven de 22 a\u00f1os fue aprehendido<\/strong>.<\/p>\n<p>&nbsp;<\/p>\n<p>Seg\u00fan se inform\u00f3 de manera oficial, un llamado al 911 alert\u00f3 a personal del Comando de Patrullas y de la Comisar\u00eda de la Mujer, acerca de los hechos que se registraban <strong>en calle 19 al 3200<\/strong>.<\/p>\n<p>&nbsp;<\/p>\n<p>Constataron que <strong>el acusado se encontraba cerca de una persona con quien posee una prohibici\u00f3n de acercamiento<\/strong>.<\/p>\n<p>&nbsp;<\/p>\n<p>Tras verificar la identidad del sospechado, se determin\u00f3 asimismo el<strong> incumplimiento de las medidas cautelares<\/strong> como prohibici\u00f3n de acercamiento y per\u00edmetro de exclusi\u00f3n, entre otras, interpuestas por el Juzgado de Familia N\u00b0 1 de Olavarr\u00eda.<\/p>\n<p>&nbsp;<\/p>\n<p>El acusado fue trasladado y alojado en sede de la Comisar\u00eda Primera. Se iniciaron actuaciones por <strong>\u201cdesobediencia\u201d<\/strong> con intervenci\u00f3n de la UFI N\u00b0 5 especializada en violencia familiar y de g\u00e9nero a cargo de la fiscal Viviana Beyt\u00eda.<\/p>\n","protected":false},"excerpt":{"rendered":"<p>Un joven de 22 a\u00f1os fue aprehendido en calle 19 al 3200. Se trata de un acusado por hechos de<\/p>\n","protected":false},"author":4,"featured_media":21104,"comment_status":"closed","ping_status":"closed","sticky":false,"template":"","format":"standard","meta":{"_jetpack_memberships_contains_paid_content":false,"footnotes":""},"categories":[14,1],"tags":[],"class_list":["post-21103","post","type-post","status-publish","format-standard","has-post-thumbnail","hentry","category-policiales","category-portada"],"jetpack_featured_media_url":"https:\/\/i0.wp.com\/cdnoticias.com\/wp-content\/uploads\/2021\/05\/calle-19-3200-genero.jpg?fit=700%2C390&ssl=1","jetpack_sharing_enabled":true,"_links":{"self":[{"href":"https:\/\/cdnoticias.com\/index.php\/wp-json\/wp\/v2\/posts\/21103","targetHints":{"allow":["GET"]}}],"collection":[{"href":"https:\/\/cdnoticias.com\/index.php\/wp-json\/wp\/v2\/posts"}],"about":[{"href":"https:\/\/cdnoticias.com\/index.php\/wp-json\/wp\/v2\/types\/post"}],"author":[{"embeddable":true,"href":"https:\/\/cdnoticias.com\/index.php\/wp-json\/wp\/v2\/users\/4"}],"replies":[{"embeddable":true,"href":"https:\/\/cdnoticias.com\/index.php\/wp-json\/wp\/v2\/comments?post=21103"}],"version-history":[{"count":0,"href":"https:\/\/cdnoticias.com\/index.php\/wp-json\/wp\/v2\/posts\/21103\/revisions"}],"wp:featuredmedia":[{"embeddable":true,"href":"https:\/\/cdnoticias.com\/index.php\/wp-json\/wp\/v2\/media\/21104"}],"wp:attachment":[{"href":"https:\/\/cdnoticias.com\/index.php\/wp-json\/wp\/v2\/media?parent=21103"}],"wp:term":[{"taxonomy":"category","embeddable":true,"href":"https:\/\/cdnoticias.com\/index.php\/wp-json\/wp\/v2\/categories?post=21103"},{"taxonomy":"post_tag","embeddable":true,"href":"https:\/\/cdnoticias.com\/index.php\/wp-json\/wp\/v2\/tags?post=21103"}],"curies":[{"name":"wp","href":"https:\/\/api.w.org\/{rel}","templated":true}]}}