{"id":21101,"date":"2021-05-10T08:45:33","date_gmt":"2021-05-10T11:45:33","guid":{"rendered":"http:\/\/www.centraldenoticias.com.ar\/?p=21101"},"modified":"2021-05-10T08:45:33","modified_gmt":"2021-05-10T11:45:33","slug":"fabio-jose-wagner-ruso-q-e-p-d","status":"publish","type":"post","link":"https:\/\/cdnoticias.com\/index.php\/2021\/05\/10\/fabio-jose-wagner-ruso-q-e-p-d\/","title":{"rendered":"Fabio Jos\u00e9 Wagner &#8220;Ruso&#8221; (Q.E.P.D.)"},"content":{"rendered":"<p>Falleci\u00f3 en Olavarr\u00eda el d\u00eda 9 de mayo de 2021 a los 53 a\u00f1os de edad. Su esposa: Andrea Errobidart. Sus hijos: Bel\u00e9n y Sebasti\u00e1n. Su mam\u00e1: Elvira Schffer. Su hijo pol\u00edtico: Nicol\u00e1s. Sus hermanos, hermanos pol\u00edticos, sobrinos, suegra y dem\u00e1s deudos participan su fallecimiento.<\/p>\n<p>&nbsp;<\/p>\n<p>Velatorio: \u00a0Sala &#8220;A&#8221; de Espa\u00f1a 2942, comienza lunes a las 12 horas, finaliza 14 horas. Responso: Capilla Ardiente. Cremaci\u00f3n: Crematorio Pinos de Paz, martes 11 de mayo a las 12 horas. Servicio adherido a Coopelectric.<\/p>\n<p>&nbsp;<\/p>\n<p>Barrio en el que viv\u00eda: Parque Arano.<\/p>\n<p>&nbsp;<\/p>\n<p>Lugar de nacimiento: Coronel Suarez.<\/p>\n<p>&nbsp;<\/p>\n<p>Actividad que desarrollaba: Empleado de &#8220;Camuzzi&#8221;.<\/p>\n","protected":false},"excerpt":{"rendered":"<p>Falleci\u00f3 en Olavarr\u00eda el d\u00eda 9 de mayo de 2021 a los 53 a\u00f1os de edad. Su esposa: Andrea Errobidart.<\/p>\n","protected":false},"author":4,"featured_media":0,"comment_status":"closed","ping_status":"closed","sticky":false,"template":"","format":"standard","meta":{"_jetpack_memberships_contains_paid_content":false,"footnotes":""},"categories":[10],"tags":[],"class_list":["post-21101","post","type-post","status-publish","format-standard","hentry","category-necrologicas"],"jetpack_featured_media_url":"","jetpack_sharing_enabled":true,"_links":{"self":[{"href":"https:\/\/cdnoticias.com\/index.php\/wp-json\/wp\/v2\/posts\/21101","targetHints":{"allow":["GET"]}}],"collection":[{"href":"https:\/\/cdnoticias.com\/index.php\/wp-json\/wp\/v2\/posts"}],"about":[{"href":"https:\/\/cdnoticias.com\/index.php\/wp-json\/wp\/v2\/types\/post"}],"author":[{"embeddable":true,"href":"https:\/\/cdnoticias.com\/index.php\/wp-json\/wp\/v2\/users\/4"}],"replies":[{"embeddable":true,"href":"https:\/\/cdnoticias.com\/index.php\/wp-json\/wp\/v2\/comments?post=21101"}],"version-history":[{"count":0,"href":"https:\/\/cdnoticias.com\/index.php\/wp-json\/wp\/v2\/posts\/21101\/revisions"}],"wp:attachment":[{"href":"https:\/\/cdnoticias.com\/index.php\/wp-json\/wp\/v2\/media?parent=21101"}],"wp:term":[{"taxonomy":"category","embeddable":true,"href":"https:\/\/cdnoticias.com\/index.php\/wp-json\/wp\/v2\/categories?post=21101"},{"taxonomy":"post_tag","embeddable":true,"href":"https:\/\/cdnoticias.com\/index.php\/wp-json\/wp\/v2\/tags?post=21101"}],"curies":[{"name":"wp","href":"https:\/\/api.w.org\/{rel}","templated":true}]}}