{"id":21076,"date":"2021-05-09T18:57:34","date_gmt":"2021-05-09T21:57:34","guid":{"rendered":"http:\/\/www.centraldenoticias.com.ar\/?p=21076"},"modified":"2021-05-09T18:57:34","modified_gmt":"2021-05-09T21:57:34","slug":"la-lista-de-jose-a-12-anos-de-las-historicas-testimoniales","status":"publish","type":"post","link":"https:\/\/cdnoticias.com\/index.php\/2021\/05\/09\/la-lista-de-jose-a-12-anos-de-las-historicas-testimoniales\/","title":{"rendered":"La lista de Jos\u00e9: a 12 a\u00f1os de las hist\u00f3ricas testimoniales"},"content":{"rendered":"<p>El cierre de listas de 2009 tra\u00eda una sorpresa may\u00fascula en el panorama pol\u00edtico local: el Intendente Jos\u00e9 Eseverri era candidato a concejal y senador al mismo tiempo.\u00a0<!--more--><\/p>\n<hr \/>\n<p>Corr\u00eda el a\u00f1o 2009 y un nuevo cierre de listas aparec\u00eda en el horizonte. El ex presidente N\u00e9stor Kirchner propon\u00eda, para el Frente para la Victoria, patear el mapa pol\u00edtico con las famosas<strong><em> \u201ccandidaturas testimoniales\u201d<\/em><\/strong>: es decir, ser\u00edan candidatos pero no asumir\u00edan en su cargo posteriormente.<strong> \u00bfQui\u00e9n fue uno de los grandes protagonistas? El ahora ex intendente Jos\u00e9 Eseverri. Y este domingo se cumplen 12 a\u00f1os de ese d\u00eda.<\/strong><\/p>\n<p>&nbsp;<\/p>\n<p><strong>Eseverri fue, quiz\u00e1s, uno de los dirigentes que m\u00e1s respet\u00f3 la premisa \u201ctestimonial\u201d. Siendo intendente de Olavarr\u00eda, se postul\u00f3 a senador provincial por la S\u00e9ptima Secci\u00f3n y tambi\u00e9n como concejal del distrito.<\/strong> Catalogado como un recurso \u201cin\u00e9dito\u201d fue el presagio de una dura derrota no s\u00f3lo de Kirchner ante el \u201cnovedoso\u201d Francisco De Narv\u00e1ez, sino de Eseverri ante el radical Ernesto Cladera.<\/p>\n<p>&nbsp;<\/p>\n<blockquote><p>Uno de los grandes derrotados de ese cierre de listas fue Miguel Santell\u00e1n, quien busc\u00f3 por todos los medios colarse en la lista \u201coficial\u201d del FpV para ser candidato a senador provincial (\u00e9l no ser\u00eda testimonial) pero tuvo que conformarse con el encabezamiento de una colectora del PJ.<\/p><\/blockquote>\n<p>&nbsp;<\/p>\n<p>Eseverri, con un capital pol\u00edtico en extensi\u00f3n luego de dos a\u00f1os de gesti\u00f3n tras asumir en el 2007, demostraba su acompa\u00f1amiento total a la gesti\u00f3n de N\u00e9stor y Cristina Kirchner poniendo todo en juego.<strong> La lista de candidatos era encabezada por Eseverri, secundado por Walter Abarca y en tercer lugar Margarita Arregui.<\/strong><\/p>\n<p>&nbsp;<\/p>\n<p>Por esos a\u00f1os, el jefe comunal ten\u00eda una fuerte alianza con <strong>Alicia Tabar\u00e9s, quien secund\u00f3 a Eseverri en la lista de concejales&#8230;y tambi\u00e9n era testimonial.<\/strong><\/p>\n<p>&nbsp;<\/p>\n<p>En junio de 2009, llegaba el momento de la elecci\u00f3n, y<strong> Ernesto Cladera daba el batacazo: le ganaba con la Coalici\u00f3n C\u00edvica no s\u00f3lo a Eseverri y Tabar\u00e9s, sino tambi\u00e9n a nombres fuertes como Miguel Santell\u00e1n, Silly Cura<\/strong>, entre otros.<\/p>\n<p>&nbsp;<\/p>\n<p>En paralelo, N\u00e9stor Kirchner perd\u00eda con De Narv\u00e1ez en una lista de <strong>diputados nacionales que tambi\u00e9n estaba plagada de testimoniales: desde Sergio Massa (Jefe de Gabinete) hasta el gobernador por ese entonces, Daniel Scioli, entre los m\u00e1s destacados.<\/strong><\/p>\n<p>&nbsp;<\/p>\n<p><em>Fotos e informaci\u00f3n: gentileza El Popular<\/em><\/p>\n","protected":false},"excerpt":{"rendered":"<p>El cierre de listas de 2009 tra\u00eda una sorpresa may\u00fascula en el panorama pol\u00edtico local: el Intendente Jos\u00e9 Eseverri era<\/p>\n","protected":false},"author":2,"featured_media":21077,"comment_status":"closed","ping_status":"closed","sticky":false,"template":"","format":"standard","meta":{"_jetpack_memberships_contains_paid_content":false,"footnotes":""},"categories":[4,1],"tags":[],"class_list":["post-21076","post","type-post","status-publish","format-standard","has-post-thumbnail","hentry","category-politica","category-portada"],"jetpack_featured_media_url":"https:\/\/i0.wp.com\/cdnoticias.com\/wp-content\/uploads\/2021\/05\/GEN3001.jpg?fit=505%2C337&ssl=1","jetpack_sharing_enabled":true,"_links":{"self":[{"href":"https:\/\/cdnoticias.com\/index.php\/wp-json\/wp\/v2\/posts\/21076","targetHints":{"allow":["GET"]}}],"collection":[{"href":"https:\/\/cdnoticias.com\/index.php\/wp-json\/wp\/v2\/posts"}],"about":[{"href":"https:\/\/cdnoticias.com\/index.php\/wp-json\/wp\/v2\/types\/post"}],"author":[{"embeddable":true,"href":"https:\/\/cdnoticias.com\/index.php\/wp-json\/wp\/v2\/users\/2"}],"replies":[{"embeddable":true,"href":"https:\/\/cdnoticias.com\/index.php\/wp-json\/wp\/v2\/comments?post=21076"}],"version-history":[{"count":0,"href":"https:\/\/cdnoticias.com\/index.php\/wp-json\/wp\/v2\/posts\/21076\/revisions"}],"wp:featuredmedia":[{"embeddable":true,"href":"https:\/\/cdnoticias.com\/index.php\/wp-json\/wp\/v2\/media\/21077"}],"wp:attachment":[{"href":"https:\/\/cdnoticias.com\/index.php\/wp-json\/wp\/v2\/media?parent=21076"}],"wp:term":[{"taxonomy":"category","embeddable":true,"href":"https:\/\/cdnoticias.com\/index.php\/wp-json\/wp\/v2\/categories?post=21076"},{"taxonomy":"post_tag","embeddable":true,"href":"https:\/\/cdnoticias.com\/index.php\/wp-json\/wp\/v2\/tags?post=21076"}],"curies":[{"name":"wp","href":"https:\/\/api.w.org\/{rel}","templated":true}]}}