{"id":21064,"date":"2021-05-09T17:03:01","date_gmt":"2021-05-09T20:03:01","guid":{"rendered":"http:\/\/www.centraldenoticias.com.ar\/?p=21064"},"modified":"2021-05-09T17:03:01","modified_gmt":"2021-05-09T20:03:01","slug":"oscar-eduardo-tejeda-jonato-q-e-p-d","status":"publish","type":"post","link":"https:\/\/cdnoticias.com\/index.php\/2021\/05\/09\/oscar-eduardo-tejeda-jonato-q-e-p-d\/","title":{"rendered":"Oscar Eduardo Tejeda &#8220;Jonato&#8221; (Q.E.P.D.)"},"content":{"rendered":"<p style=\"margin-bottom: 0cm; line-height: 100%;\">Falleci\u00f3 en Olavarr\u00eda el 9 de mayo a los 66 a\u00f1os. Su esposa; su hija; sus hijos del coraz\u00f3n; sus nietos y dem\u00e1s deudos participan su fallecimiento.<\/p>\n<p style=\"margin-bottom: 0cm; line-height: 100%;\">\n<p style=\"margin-bottom: 0cm; line-height: 100%;\">Sus restos ser\u00e1n velados en la Sala de Espa\u00f1a 2942, departamento \u201cA\u201d desde este lunes a las 07:30 horas e inhumados en el Cementerio Loma de Paz a las 09:30 horas, previo responso en la Capilla Ardiente. Nacido en Olavarr\u00eda, vecino del barrio Uocra, jubilado.<\/p>\n","protected":false},"excerpt":{"rendered":"<p>Falleci\u00f3 en Olavarr\u00eda el 9 de mayo a los 66 a\u00f1os. Su esposa; su hija; sus hijos del coraz\u00f3n; sus<\/p>\n","protected":false},"author":2,"featured_media":0,"comment_status":"closed","ping_status":"closed","sticky":false,"template":"","format":"standard","meta":{"_jetpack_memberships_contains_paid_content":false,"footnotes":""},"categories":[10],"tags":[],"class_list":["post-21064","post","type-post","status-publish","format-standard","hentry","category-necrologicas"],"jetpack_featured_media_url":"","jetpack_sharing_enabled":true,"_links":{"self":[{"href":"https:\/\/cdnoticias.com\/index.php\/wp-json\/wp\/v2\/posts\/21064","targetHints":{"allow":["GET"]}}],"collection":[{"href":"https:\/\/cdnoticias.com\/index.php\/wp-json\/wp\/v2\/posts"}],"about":[{"href":"https:\/\/cdnoticias.com\/index.php\/wp-json\/wp\/v2\/types\/post"}],"author":[{"embeddable":true,"href":"https:\/\/cdnoticias.com\/index.php\/wp-json\/wp\/v2\/users\/2"}],"replies":[{"embeddable":true,"href":"https:\/\/cdnoticias.com\/index.php\/wp-json\/wp\/v2\/comments?post=21064"}],"version-history":[{"count":0,"href":"https:\/\/cdnoticias.com\/index.php\/wp-json\/wp\/v2\/posts\/21064\/revisions"}],"wp:attachment":[{"href":"https:\/\/cdnoticias.com\/index.php\/wp-json\/wp\/v2\/media?parent=21064"}],"wp:term":[{"taxonomy":"category","embeddable":true,"href":"https:\/\/cdnoticias.com\/index.php\/wp-json\/wp\/v2\/categories?post=21064"},{"taxonomy":"post_tag","embeddable":true,"href":"https:\/\/cdnoticias.com\/index.php\/wp-json\/wp\/v2\/tags?post=21064"}],"curies":[{"name":"wp","href":"https:\/\/api.w.org\/{rel}","templated":true}]}}