{"id":21060,"date":"2021-05-09T13:48:32","date_gmt":"2021-05-09T16:48:32","guid":{"rendered":"http:\/\/www.centraldenoticias.com.ar\/?p=21060"},"modified":"2021-05-09T17:27:00","modified_gmt":"2021-05-09T20:27:00","slug":"galli-el-equilibrista","status":"publish","type":"post","link":"https:\/\/cdnoticias.com\/index.php\/2021\/05\/09\/galli-el-equilibrista\/","title":{"rendered":"Galli, el equilibrista"},"content":{"rendered":"<p>El perfil del intendente en su \u00faltima conferencia: discurso moderado y medidas (otra vez) m\u00e1s duras que las provinciales. Las fichas en el Palacio de cara a las elecciones.<\/p>\n<p><!--more--><\/p>\n<hr \/>\n<p>(Extracto del newsletter\u00a0<strong>Volver a las Fuentes<\/strong>, donde\u00a0<a href=\"https:\/\/mailchi.mp\/d14883f2450b\/paso-adelante-y-asoma-el-perfil-propio?e=e4ffb04d40\" target=\"_blank\" rel=\"noopener\">se puede acceder y suscribir ac\u00e1<\/a>)<\/p>\n<p>&nbsp;<\/p>\n<p>Navegar entre la <strong>tormenta de Juntos por el Cambio<\/strong> no es tarea f\u00e1cil. Ezequiel Galli lo hace, <strong>pivoteando entre la moderaci\u00f3n y ser m\u00e1s ortodoxo<\/strong>, m\u00e1s duro ideol\u00f3gicamente. Y por ahora, parece resultar victorioso en un mundo donde mantener un equilibrio no est\u00e1 para nada f\u00e1cil.<\/p>\n<p>&nbsp;<\/p>\n<p><em>Del Galli <a href=\"https:\/\/cdnoticias.com\/index.php\/2021\/03\/22\/patricia-bullrich-visitara-olavarria-para-presentar-su-libro\/\" target=\"_blank\" rel=\"noopener\">cercano a Patricia Bullrich<\/a> y <a href=\"https:\/\/cdnoticias.com\/index.php\/2021\/03\/18\/el-intendente-en-la-presentacion-del-libro-de-mauricio-macri\/\" target=\"_blank\" rel=\"noopener\">Mauricio Macri,<\/a> a un Galli moderado, prudente en sus decisiones<\/em> y con <strong>halagos a las gestiones oficialistas<\/strong>, sobre todo con la Provincia de Buenos Aires. Esta \u00faltima semana <strong>vimos mucho del Galli moderado<\/strong>, a nuestro entender, el que m\u00e1s c\u00f3modo se ve y c\u00f3mo mejor le sienta. <em>Un dirigente que parece iniciar un estilo de vuelo propio en la bandada opositora<\/em>.<\/p>\n<p>&nbsp;<\/p>\n<p>Consensu\u00f3 con nuestra estrella Carli Bianco las medidas, <em>no se not\u00f3 muy sorprendido por los cambios de la Provincia durante el fin de semana<\/em> y pens\u00f3 en la gesti\u00f3n m\u00e1s que la postura -ins\u00f3lita, por momentos- del ala dura del Pro (o Juntos por el Cambio).<\/p>\n<p>&nbsp;<\/p>\n<p>En el medio, claro, tom\u00f3 medidas sutiles para <strong>proteger el \u201cbien preciado\u201d por el Pro en esta guerra con el gobierno: sostener la presencialidad en las escuelas<\/strong> requiere mucho trabajo, y para ello no se debe caer de Fase 3. \u00bfQu\u00e9 hizo el Intendente? <strong>Aulas Seguras<\/strong>, con un resultado m\u00e1s que positivo hasta ahora: <a href=\"https:\/\/cdnoticias.com\/index.php\/2021\/05\/08\/aulas-seguras-no-hubo-positivos-en-dos-dias-de-testeos\/\" target=\"_blank\" rel=\"noopener\">no hubo contagio en todos los analizados<\/a>.<\/p>\n<p>&nbsp;<\/p>\n<p>\u00bfEl cierre de los gimnasios y el acatamiento pleno de la Fase provincial (sumado al \u201cpasito m\u00e1s\u201d) habr\u00e1 sido una medida preventiva como lo sucedido a fines de marzo para no llegar a Fase 2 y ah\u00ed s\u00ed perder las clases? Es cierto, de todos modos, que <strong>tomar decisiones m\u00e1s duras le da buen resultado al Intendente<\/strong>, m\u00e1s all\u00e1 de la responsabilidad ciudadana de acatar -o no- las medidas.<\/p>\n<p><img data-recalc-dims=\"1\" loading=\"lazy\" decoding=\"async\" class=\"alignnone size-large wp-image-20820\" src=\"https:\/\/i0.wp.com\/cdnoticias.com\/wp-content\/uploads\/2021\/05\/gim.jpg?resize=800%2C534&#038;ssl=1\" alt=\"\" width=\"800\" height=\"534\" srcset=\"https:\/\/i0.wp.com\/cdnoticias.com\/wp-content\/uploads\/2021\/05\/gim.jpg?resize=1024%2C683&amp;ssl=1 1024w, https:\/\/i0.wp.com\/cdnoticias.com\/wp-content\/uploads\/2021\/05\/gim.jpg?resize=300%2C200&amp;ssl=1 300w, https:\/\/i0.wp.com\/cdnoticias.com\/wp-content\/uploads\/2021\/05\/gim.jpg?resize=768%2C512&amp;ssl=1 768w, https:\/\/i0.wp.com\/cdnoticias.com\/wp-content\/uploads\/2021\/05\/gim.jpg?resize=272%2C182&amp;ssl=1 272w, https:\/\/i0.wp.com\/cdnoticias.com\/wp-content\/uploads\/2021\/05\/gim.jpg?w=1800&amp;ssl=1 1800w, https:\/\/i0.wp.com\/cdnoticias.com\/wp-content\/uploads\/2021\/05\/gim.jpg?w=1600&amp;ssl=1 1600w\" sizes=\"auto, (max-width: 800px) 100vw, 800px\" \/><\/p>\n<p>Al mismo tiempo, <em>escuchamos una llamativa (y positiva) valoraci\u00f3n al plan de vacunaci\u00f3n, invit\u00f3 a los vecinos a anotarse y se\u00f1al\u00f3 que \u201chay una gran parte de olavarrienses que ya fueron vacunados\u201d<\/em>. Eso es <strong>un halago directo a Axel Kicillof<\/strong>, en lo que pareciera ser una tregua que se muestra con gestos y di\u00e1logo permanente con Carlos Bianco.<\/p>\n<p>&nbsp;<\/p>\n<p>De todos modos, <strong>es interesante ver a Galli en versi\u00f3n equilibrista<\/strong>: tiene intenciones de volver a ser intendente pero si no puede serlo, buscar\u00e1 tener lugar protagonista en el <em>escenario pol\u00edtico provincial<\/em>; en paralelo juega con los \u201chalcones y palomas\u201d del espacio, y siempre sale airoso. De hecho, <em>es uno de los dirigentes mejor valorados puertas adentro<\/em>.<\/p>\n<p>&nbsp;<\/p>\n<p>\u00bfSer\u00e1 esa valoraci\u00f3n la premisa para generar un buen acuerdo en el <strong>cierre de listas<\/strong>, algo que le fue esquivo durante varios cierres? Para ello hay nombres.<\/p>\n<p>&nbsp;<\/p>\n<p><strong>Robbiani o Galli<\/strong><\/p>\n<p>&nbsp;<\/p>\n<p>Cuando todo parec\u00eda que Hilario Galli era n\u00famero fijo para la candidatura a senador provincial del espacio en la S\u00e9ptima, fuentes municipales pidieron <strong>\u201cno dejar fuera de carrera\u201d al Secretario de Desarrollo Humano, Diego Robbiani<\/strong>, en la lista de posibles candidatos a ocupar dicho lugar.<\/p>\n<p><img data-recalc-dims=\"1\" loading=\"lazy\" decoding=\"async\" class=\"alignnone wp-image-7422\" src=\"https:\/\/i0.wp.com\/cdnoticias.com\/wp-content\/uploads\/2020\/11\/Hilario-Galli.jpg?resize=380%2C253&#038;ssl=1\" alt=\"\" width=\"380\" height=\"253\" srcset=\"https:\/\/i0.wp.com\/cdnoticias.com\/wp-content\/uploads\/2020\/11\/Hilario-Galli.jpg?resize=1024%2C683&amp;ssl=1 1024w, https:\/\/i0.wp.com\/cdnoticias.com\/wp-content\/uploads\/2020\/11\/Hilario-Galli.jpg?resize=300%2C200&amp;ssl=1 300w, https:\/\/i0.wp.com\/cdnoticias.com\/wp-content\/uploads\/2020\/11\/Hilario-Galli.jpg?resize=768%2C512&amp;ssl=1 768w, https:\/\/i0.wp.com\/cdnoticias.com\/wp-content\/uploads\/2020\/11\/Hilario-Galli.jpg?resize=272%2C182&amp;ssl=1 272w, https:\/\/i0.wp.com\/cdnoticias.com\/wp-content\/uploads\/2020\/11\/Hilario-Galli.jpg?w=1600&amp;ssl=1 1600w, https:\/\/i0.wp.com\/cdnoticias.com\/wp-content\/uploads\/2020\/11\/Hilario-Galli.jpg?w=2400&amp;ssl=1 2400w\" sizes=\"auto, (max-width: 380px) 100vw, 380px\" \/><img data-recalc-dims=\"1\" loading=\"lazy\" decoding=\"async\" class=\"alignnone wp-image-18406\" src=\"https:\/\/i0.wp.com\/cdnoticias.com\/wp-content\/uploads\/2021\/04\/diego-robbiani-municipio.jpg?resize=380%2C253&#038;ssl=1\" alt=\"\" width=\"380\" height=\"253\" srcset=\"https:\/\/i0.wp.com\/cdnoticias.com\/wp-content\/uploads\/2021\/04\/diego-robbiani-municipio.jpg?resize=1024%2C683&amp;ssl=1 1024w, https:\/\/i0.wp.com\/cdnoticias.com\/wp-content\/uploads\/2021\/04\/diego-robbiani-municipio.jpg?resize=300%2C200&amp;ssl=1 300w, https:\/\/i0.wp.com\/cdnoticias.com\/wp-content\/uploads\/2021\/04\/diego-robbiani-municipio.jpg?resize=768%2C512&amp;ssl=1 768w, https:\/\/i0.wp.com\/cdnoticias.com\/wp-content\/uploads\/2021\/04\/diego-robbiani-municipio.jpg?resize=272%2C182&amp;ssl=1 272w, https:\/\/i0.wp.com\/cdnoticias.com\/wp-content\/uploads\/2021\/04\/diego-robbiani-municipio.jpg?w=1152&amp;ssl=1 1152w\" sizes=\"auto, (max-width: 380px) 100vw, 380px\" \/><\/p>\n<p>Algunos incluso indicaron que \u201cno sale de ah\u00ed\u201d y se mencion\u00f3 tambi\u00e9n que entre los dos se repartir\u00edan no s\u00f3lo la candidatura sino tambi\u00e9n <strong>el destino de la Secretar\u00eda de Gobierno<\/strong>. Traducido, si Hilario Galli es el candidato y efectivamente llega a la legislatura bonaernese, Robbiani ser\u00eda n\u00famero puesto para ocupar la Secretar\u00eda de Gobierno.<\/p>\n<p>&nbsp;<\/p>\n<p>Obviamente <em>todo depender\u00e1 de los acuerdos en Juntos por el Cambio<\/em>, los paracaidistas de otras secciones y las decisiones partidarias. Pero si se mantiene la l\u00f3gica que ya hemos presentado tiempo atr\u00e1s (Hilario Galli &#8211; Lucrecia Egger &#8211; \u00bfAlejandro Cellillo?) los dirigentes olavarrienses buscar\u00e1n tener esa posibilidad, que pr\u00e1cticamente -salvo una cat\u00e1strofe electoral- los depositar\u00eda en la C\u00e1mara de Senadores.<\/p>\n<p>&nbsp;<\/p>\n<p>Ojo, esto es el \u201cplan ideal\u201d. Ya sabemos c\u00f3mo es:\u00a0habr\u00e1 que ver qu\u00e9 pasa con <strong>el radicalismo<\/strong> (\u00bfplantea interna tambi\u00e9n en la S\u00e9ptima?) con <strong>el monzo\u00edsmo<\/strong> (si juega por dentro o por fuera de JxC) y <strong>otras l\u00edneas internas <\/strong>de Juntos por el Cambio como lo que pueda pasar con Dalton J\u00e1uregui, vinculado al vidalismo. Es una loter\u00eda, pero personas para jugar hay, y muchas.<\/p>\n<p><img data-recalc-dims=\"1\" loading=\"lazy\" decoding=\"async\" class=\"alignnone size-full wp-image-16228\" src=\"https:\/\/i0.wp.com\/cdnoticias.com\/wp-content\/uploads\/2021\/03\/monzo00.jpg?resize=800%2C445&#038;ssl=1\" alt=\"\" width=\"800\" height=\"445\" srcset=\"https:\/\/i0.wp.com\/cdnoticias.com\/wp-content\/uploads\/2021\/03\/monzo00.jpg?w=800&amp;ssl=1 800w, https:\/\/i0.wp.com\/cdnoticias.com\/wp-content\/uploads\/2021\/03\/monzo00.jpg?resize=300%2C167&amp;ssl=1 300w, https:\/\/i0.wp.com\/cdnoticias.com\/wp-content\/uploads\/2021\/03\/monzo00.jpg?resize=768%2C427&amp;ssl=1 768w\" sizes=\"auto, (max-width: 800px) 100vw, 800px\" \/><\/p>\n<p><strong>Protagonizando, la carteler\u00eda<\/strong><\/p>\n<p>&nbsp;<\/p>\n<p>En la semana, militantes del espacio que lidera Emilio Monz\u00f3 <em>volvieron a \u201ccopar\u201d lugares con su nombre en la ciudad<\/em>.<\/p>\n<p>&nbsp;<\/p>\n<p><strong>\u201cEsto reci\u00e9n empieza\u201d<\/strong> dijeron desde el espacio, con el objetivo claro de seguir instalando no s\u00f3lo al ex presidente de la C\u00e1mara de Diputados como hombre a protagonizar las elecciones, sino como un espacio fuerte en la ciudad.<\/p>\n<p>&nbsp;<\/p>\n<p><strong>Un extracto<\/strong><\/p>\n<p>&nbsp;<\/p>\n<p>Estos temas, y otros m\u00e1s de la actualidad del \u00e1mbito pol\u00edtico local, se publicaron en la edici\u00f3n de este domingo del newsletter Volver a las Fuentes \u2013en esta edici\u00f3n,\u00a0<strong>\u201cPaso adelante y asoma el perfil propio\u201d<\/strong>\u00a0\u2013 que escriben semanalmente\u00a0<strong>Alexis Grierson<\/strong>\u00a0y\u00a0<strong>Josefina Bargas<\/strong>.<\/p>\n<p>&nbsp;<\/p>\n<p>La publicaci\u00f3n es gratuita, sale todos los domingos a la ma\u00f1ana. La\u00a0<a href=\"https:\/\/mailchi.mp\/d14883f2450b\/paso-adelante-y-asoma-el-perfil-propio?e=e4ffb04d40\" target=\"_blank\" rel=\"noopener\">edici\u00f3n completa ac\u00e1<\/a>\u00a0y\u00a0la<a href=\"https:\/\/gmail.us17.list-manage.com\/subscribe?u=cba2a41506a8e26d100c3f0f8&amp;id=63ce583cd9\" target=\"_blank\" rel=\"noopener\">\u00a0suscripci\u00f3n est\u00e1 abierta aqu\u00ed.<\/a><\/p>\n","protected":false},"excerpt":{"rendered":"<p>El perfil del intendente en su \u00faltima conferencia: discurso moderado y medidas (otra vez) m\u00e1s duras que las provinciales. Las<\/p>\n","protected":false},"author":4,"featured_media":21061,"comment_status":"closed","ping_status":"closed","sticky":false,"template":"","format":"standard","meta":{"_jetpack_memberships_contains_paid_content":false,"footnotes":""},"categories":[4,1],"tags":[],"class_list":["post-21060","post","type-post","status-publish","format-standard","has-post-thumbnail","hentry","category-politica","category-portada"],"jetpack_featured_media_url":"https:\/\/i0.wp.com\/cdnoticias.com\/wp-content\/uploads\/2021\/05\/galli-800x445.jpg?fit=800%2C445&ssl=1","jetpack_sharing_enabled":true,"_links":{"self":[{"href":"https:\/\/cdnoticias.com\/index.php\/wp-json\/wp\/v2\/posts\/21060","targetHints":{"allow":["GET"]}}],"collection":[{"href":"https:\/\/cdnoticias.com\/index.php\/wp-json\/wp\/v2\/posts"}],"about":[{"href":"https:\/\/cdnoticias.com\/index.php\/wp-json\/wp\/v2\/types\/post"}],"author":[{"embeddable":true,"href":"https:\/\/cdnoticias.com\/index.php\/wp-json\/wp\/v2\/users\/4"}],"replies":[{"embeddable":true,"href":"https:\/\/cdnoticias.com\/index.php\/wp-json\/wp\/v2\/comments?post=21060"}],"version-history":[{"count":0,"href":"https:\/\/cdnoticias.com\/index.php\/wp-json\/wp\/v2\/posts\/21060\/revisions"}],"wp:featuredmedia":[{"embeddable":true,"href":"https:\/\/cdnoticias.com\/index.php\/wp-json\/wp\/v2\/media\/21061"}],"wp:attachment":[{"href":"https:\/\/cdnoticias.com\/index.php\/wp-json\/wp\/v2\/media?parent=21060"}],"wp:term":[{"taxonomy":"category","embeddable":true,"href":"https:\/\/cdnoticias.com\/index.php\/wp-json\/wp\/v2\/categories?post=21060"},{"taxonomy":"post_tag","embeddable":true,"href":"https:\/\/cdnoticias.com\/index.php\/wp-json\/wp\/v2\/tags?post=21060"}],"curies":[{"name":"wp","href":"https:\/\/api.w.org\/{rel}","templated":true}]}}