{"id":21056,"date":"2021-05-09T17:06:06","date_gmt":"2021-05-09T20:06:06","guid":{"rendered":"http:\/\/www.centraldenoticias.com.ar\/?p=21056"},"modified":"2021-05-09T17:06:06","modified_gmt":"2021-05-09T20:06:06","slug":"sociales-dio-otro-gran-paso-para-la-apertura-de-la-licenciatura-en-psicopedagogia","status":"publish","type":"post","link":"https:\/\/cdnoticias.com\/index.php\/2021\/05\/09\/sociales-dio-otro-gran-paso-para-la-apertura-de-la-licenciatura-en-psicopedagogia\/","title":{"rendered":"Sociales dio otro gran paso para la apertura de la Licenciatura en Psicopedagog\u00eda"},"content":{"rendered":"<p>El Consejo Superior de Unicen aval\u00f3 el ciclo que tendr\u00e1 dos a\u00f1os de extensi\u00f3n. Ser\u00e1 la primera carrera virtual de la unidad acad\u00e9mica en Olavarr\u00eda.<\/p>\n<p><!--more--><\/p>\n<hr \/>\n<p><strong>La propuesta del Ciclo de Complementaci\u00f3n Curricular de la Licenciatura en Psicopedagog\u00eda fue aprobado el jueves pasado en el Consejo Superior de la UNICEN<\/strong>. Es la <strong>primera carrera virtual de la FACSO<\/strong> que se enmarca en el <strong>Sistema Institucional de Educaci\u00f3n a Distancia de la Universidad Nacional del Centro<\/strong>.<\/p>\n<p>&nbsp;<\/p>\n<p>Las novedades hab\u00edan sido adelantadas por la <strong>decana Gabriela Gamberini<\/strong> tras su reelecci\u00f3n en el cargo el mes pasado, y <a href=\"https:\/\/cdnoticias.com\/index.php\/2021\/04\/14\/se-eligio-la-nueva-conduccion-en-la-facultad-de-ciencias-sociales\/\" target=\"_blank\" rel=\"noopener\">as\u00ed expres\u00f3 la intenci\u00f3n de que el ciclo se ponga en marcha en 2022<\/a>.<\/p>\n<p>&nbsp;<\/p>\n<p>El pasado jueves en la asamblea plenaria virtual del Consejo Superior de la Universidad Nacional del Centro de la Provincia de Buenos Aires <strong>se aprob\u00f3 de manera un\u00e1nime mediante resoluci\u00f3n 7887\/21 la creaci\u00f3n del Ciclo de Complementaci\u00f3n Curricular (CCC) de la Licenciatura en Psicopedagog\u00eda<\/strong>, que se dictar\u00e1 en la Facultad de Ciencias Sociales de Olavarr\u00eda. Se inicia ahora la <em>\u00faltima etapa de presentaci\u00f3n en el Ministerio de Educaci\u00f3n<\/em> para culminar con el reconocimiento definitivo de la mencionada carrera, cuya modalidad de cursada ser\u00e1 predominantemente virtual.<\/p>\n<p>&nbsp;<\/p>\n<blockquote><p>La Licenciatura en Psicopedagog\u00eda es la primera carrera que se dictar\u00e1 en el marco del Sistema Institucional de Educaci\u00f3n a Distancia (SIED) de la UNICEN, y se implementar\u00e1 a partir del ciclo acad\u00e9mico 2022. El proyecto se gest\u00f3 ante la demanda por parte de profesionales de la ciudad y la regi\u00f3n de contar con una oferta acad\u00e9mica de estas caracter\u00edsticas.<\/p><\/blockquote>\n<figure id=\"attachment_21057\" aria-describedby=\"caption-attachment-21057\" style=\"width: 800px\" class=\"wp-caption alignnone\"><img data-recalc-dims=\"1\" loading=\"lazy\" decoding=\"async\" class=\"wp-image-21057 size-full\" src=\"https:\/\/i0.wp.com\/cdnoticias.com\/wp-content\/uploads\/2021\/05\/facultad-de-sociales-Consejo-Superior.jpg?resize=800%2C453&#038;ssl=1\" alt=\"\" width=\"800\" height=\"453\" \/><figcaption id=\"caption-attachment-21057\" class=\"wp-caption-text\">La reuni\u00f3n del Consejo Superior de Unicen donde se aval\u00f3 el dictado de la carrera en la Facultad de Ciencias Sociales.<\/figcaption><\/figure>\n<p>&nbsp;<\/p>\n<p>El objetivo de esta nueva carrera es desarrollar una formaci\u00f3n universitaria en Psicopedagog\u00eda -en tanto \u00e1rea de conocimiento cient\u00edfico y actividad profesional- que promueva el trabajo colectivo e interdisciplinar de una formaci\u00f3n cr\u00edtica y comprometida, con capacidad y apertura para <strong>estudiar e intervenir sobre las experiencias educativas y los procesos de aprender, pensar y conocer que las configuraciones culturales y socio pol\u00edticas<\/strong> promueven en cada tiempo hist\u00f3rico.<\/p>\n<p>&nbsp;<\/p>\n<p>El <strong>plan curricular y el modelo formativo<\/strong> refleja un proceso de trabajo sostenido por un equipo de profesionales con s\u00f3lidos conocimientos en la disciplina y en la modalidad virtual. Trabajaron de manera articulada las autoridades y el equipo de gesti\u00f3n de la Facultad de Ciencias Sociales, docentes del Departamento de Educaci\u00f3n y del \u00e1rea de Sociales Virtual, conjuntamente con la Secretar\u00eda Acad\u00e9mica de rectorado y sus \u00e1reas espec\u00edficas. Posteriormente las comisiones asesoras de los \u00f3rganos colegiados universitarios de la UNICEN trataron el proyecto y aprobaron la propuesta por unanimidad.<\/p>\n<p>&nbsp;<\/p>\n<p><strong>\u201cPerspectiva integral\u201d<\/strong><\/p>\n<p>&nbsp;<\/p>\n<p>\u201cPretendemos darle <strong>una perspectiva m\u00e1s integral al proceso de la formaci\u00f3n, pensar y problematizar el ejercicio profesional de la psicopedagog\u00eda<\/strong> en este momento y este contexto sociohist\u00f3rico\u201d, expres\u00f3 acerca de los fundamentos de la nueva carrera la Dra. Ana Visca\u00edno, docente investigadora de las carreras de profesorados de la FACSO, quien impuls\u00f3 este nuevo Ciclo junto con la Dra. Stella Pasquariello.<\/p>\n<p>&nbsp;<\/p>\n<p><img data-recalc-dims=\"1\" loading=\"lazy\" decoding=\"async\" class=\"aligncenter wp-image-4717 size-large\" src=\"https:\/\/i0.wp.com\/cdnoticias.com\/wp-content\/uploads\/2020\/10\/facso.jpg?resize=800%2C254&#038;ssl=1\" alt=\"\" width=\"800\" height=\"254\" srcset=\"https:\/\/i0.wp.com\/cdnoticias.com\/wp-content\/uploads\/2020\/10\/facso.jpg?resize=1024%2C325&amp;ssl=1 1024w, https:\/\/i0.wp.com\/cdnoticias.com\/wp-content\/uploads\/2020\/10\/facso.jpg?resize=300%2C95&amp;ssl=1 300w, https:\/\/i0.wp.com\/cdnoticias.com\/wp-content\/uploads\/2020\/10\/facso.jpg?resize=768%2C244&amp;ssl=1 768w, https:\/\/i0.wp.com\/cdnoticias.com\/wp-content\/uploads\/2020\/10\/facso.jpg?w=2048&amp;ssl=1 2048w, https:\/\/i0.wp.com\/cdnoticias.com\/wp-content\/uploads\/2020\/10\/facso.jpg?w=1600&amp;ssl=1 1600w\" sizes=\"auto, (max-width: 800px) 100vw, 800px\" \/><\/p>\n<p>&nbsp;<\/p>\n<blockquote><p>La investigadora refiri\u00f3 que la propuesta invita a entender \u201cal sujeto como un sujeto integral atravesado por un entramado de dimensiones que son biol\u00f3gicas, pero tambi\u00e9n culturales, sociales, institucionales\u201d. Supone, adem\u00e1s, \u201cpensar el proceso de aprender en forma contextuada, definiendo el aprender de una persona en clave de la demanda y las condiciones que cada situaci\u00f3n de aprendizaje genera\u201d, agreg\u00f3 Visca\u00edno.<\/p><\/blockquote>\n<p>&nbsp;<\/p>\n<p>Acerca de la implementaci\u00f3n de la nueva carrera, la Dra. Visca\u00edno refiri\u00f3 que<strong> hay una importante expectativa no s\u00f3lo de profesionales del \u00e1rea de la Psicopedagog\u00eda de Olavarr\u00eda, sino de ciudades de la regi\u00f3n y de otras provincias<\/strong>. Tambi\u00e9n se han formalizado acuerdos interinstitucionales con Institutos de Formaci\u00f3n, dependientes de la DGCyE de la Provincia de Buenos Aires.<\/p>\n<p>&nbsp;<\/p>\n<p><strong>La extensi\u00f3n de la cursada del Ciclo Complementario ser\u00e1 de 2 a\u00f1os<\/strong> y para la admisi\u00f3n se establecieron una serie de <strong>requisitos<\/strong> especiales, como lo son contar con t\u00edtulo superior no universitario (terciario) o universitario del campo de la Psicopedagog\u00eda, entre otros. Al momento de la apertura de la inscripci\u00f3n se difundir\u00e1 por los medios institucionales.<\/p>\n<p>&nbsp;<\/p>\n<p>Quienes est\u00e9n interesados\/as en cursar la nueva carrera o realizar consultas pueden hacerlo <a href=\"https:\/\/docs.google.com\/forms\/d\/e\/1FAIpQLSd3Yig--AOSq_wsnz-JSv7tgmr8viuItkzPxLlsYDusULT2KQ\/viewform\" target=\"_blank\" rel=\"noopener\">a trav\u00e9s de este contacto con la Facultad de Ciencias Sociales<\/a>.<\/p>\n","protected":false},"excerpt":{"rendered":"<p>El Consejo Superior de Unicen aval\u00f3 el ciclo que tendr\u00e1 dos a\u00f1os de extensi\u00f3n. Ser\u00e1 la primera carrera virtual de<\/p>\n","protected":false},"author":4,"featured_media":0,"comment_status":"closed","ping_status":"closed","sticky":false,"template":"","format":"standard","meta":{"_jetpack_memberships_contains_paid_content":false,"footnotes":""},"categories":[5,1],"tags":[],"class_list":["post-21056","post","type-post","status-publish","format-standard","hentry","category-informacion-general","category-portada"],"jetpack_featured_media_url":"","jetpack_sharing_enabled":true,"_links":{"self":[{"href":"https:\/\/cdnoticias.com\/index.php\/wp-json\/wp\/v2\/posts\/21056","targetHints":{"allow":["GET"]}}],"collection":[{"href":"https:\/\/cdnoticias.com\/index.php\/wp-json\/wp\/v2\/posts"}],"about":[{"href":"https:\/\/cdnoticias.com\/index.php\/wp-json\/wp\/v2\/types\/post"}],"author":[{"embeddable":true,"href":"https:\/\/cdnoticias.com\/index.php\/wp-json\/wp\/v2\/users\/4"}],"replies":[{"embeddable":true,"href":"https:\/\/cdnoticias.com\/index.php\/wp-json\/wp\/v2\/comments?post=21056"}],"version-history":[{"count":0,"href":"https:\/\/cdnoticias.com\/index.php\/wp-json\/wp\/v2\/posts\/21056\/revisions"}],"wp:attachment":[{"href":"https:\/\/cdnoticias.com\/index.php\/wp-json\/wp\/v2\/media?parent=21056"}],"wp:term":[{"taxonomy":"category","embeddable":true,"href":"https:\/\/cdnoticias.com\/index.php\/wp-json\/wp\/v2\/categories?post=21056"},{"taxonomy":"post_tag","embeddable":true,"href":"https:\/\/cdnoticias.com\/index.php\/wp-json\/wp\/v2\/tags?post=21056"}],"curies":[{"name":"wp","href":"https:\/\/api.w.org\/{rel}","templated":true}]}}