{"id":21054,"date":"2021-05-09T12:41:32","date_gmt":"2021-05-09T15:41:32","guid":{"rendered":"http:\/\/www.centraldenoticias.com.ar\/?p=21054"},"modified":"2021-05-09T12:41:32","modified_gmt":"2021-05-09T15:41:32","slug":"los-empleados-de-camuzzi-alcanzaron-un-acuerdo-parcial-en-el-conflicto-salarial","status":"publish","type":"post","link":"https:\/\/cdnoticias.com\/index.php\/2021\/05\/09\/los-empleados-de-camuzzi-alcanzaron-un-acuerdo-parcial-en-el-conflicto-salarial\/","title":{"rendered":"Los empleados de Camuzzi alcanzaron un acuerdo parcial en el conflicto salarial"},"content":{"rendered":"<p>Tras una negociaci\u00f3n, el sindicato Stigas acept\u00f3 el incremento propuesto de 31%. Se levant\u00f3 el paro previsto para este lunes y martes.\u00a0Sin acuerdo por el pago de las guardias y sigue la medida de fuerza del sector t\u00e9cnico.<!--more--><\/p>\n<hr \/>\n<p><strong>El Sindicato de Trabajadores de la Industria del Gas (Stigas) de Bah\u00eda Blanca, que nuclea a Olavarr\u00eda, y la empresa Camuzzi Gas Pampeana llegaron a un acuerdo parcial en la negociaci\u00f3n paritaria.<\/strong><\/p>\n<p>&nbsp;<\/p>\n<p>El encuentro se realiz\u00f3 el jueves, y al d\u00eda siguiente los trabajadores realizaron una asamblea donde se decidi\u00f3 la aceptaci\u00f3n.<\/p>\n<p>&nbsp;<\/p>\n<p>Con ello, <strong>el gremio decidi\u00f3 levantar el paro de 48 horas previsto para este lunes y martes<\/strong>. Cabe recordar que<a href=\"https:\/\/cdnoticias.com\/index.php\/2021\/05\/03\/reclamo-por-paritarias-paro-de-48-horas-en-camuzzi\/\" target=\"_blank\" rel=\"noopener\"> ya se hab\u00eda concretado una medida de fuerza la semana pasada<\/a> que tuvo impacto local.<\/p>\n<p>&nbsp;<\/p>\n<blockquote><p>\u201cLuego de realizar la Asamblea Virtual (arroj\u00f3) por mayor\u00eda, un resultado positivo por aceptar la \u00faltima propuesta paritaria realizada por la empresa producto de la negociaci\u00f3n\u201d, inform\u00f3 el Stigas en un comunicado que hizo conocer el delegado en Olavarr\u00eda, Lucas Osellame.<\/p><\/blockquote>\n<p>&nbsp;<\/p>\n<p>El acuerdo contempla <strong>un aumento para todos los rubros \u2013excepto las tareas voluntarias- del 31%<\/strong>, que se aplicar\u00e1n en <strong>cuatro tramos no acumulativos<\/strong>: 15% en abril, 6% en junio, 4% en agosto y 6% en septiembre.<\/p>\n<p>&nbsp;<\/p>\n<p>Seg\u00fan se acord\u00f3, <strong>en octubre volver\u00e1n a reunirse<\/strong> sindicato y empresa para iniciar negociaciones para el segundo tramo del a\u00f1o.<\/p>\n<p>&nbsp;<\/p>\n<p>Para las<strong> tareas voluntarias<\/strong> se lleg\u00f3 a un acuerdo para incrementarlas en un 40%, con excepci\u00f3n de la distribuci\u00f3n de facturas y avisos de cierre, que tendr\u00e1 una suba del 60%.<\/p>\n<p>&nbsp;<\/p>\n<p>En cuanto al rubro<strong> Guarder\u00eda<\/strong>, se fij\u00f3 un incremento del 50%, lo que llevara el valor mensual a $7.500 a partir del mes de mayo<\/p>\n<p>&nbsp;<\/p>\n<p>La empresa tambi\u00e9n se comprometi\u00f3 a hacer un <strong>adelanto del sueldo de mayo del 15%<\/strong>, a pagar el pr\u00f3ximo viernes 14, que ser\u00e1 descontado de la liquidaci\u00f3n final.<\/p>\n<p>&nbsp;<\/p>\n<p>Sin embargo, seg\u00fan el comunicado,<strong> la asamblea decidi\u00f3 continuar con la entrega de las guardias pasivas<\/strong> hasta que haya una nueva mejora en el valor fijado y se incremente el aporte en el servicio de salud.<\/p>\n","protected":false},"excerpt":{"rendered":"<p>Tras una negociaci\u00f3n, el sindicato Stigas acept\u00f3 el incremento propuesto de 31%. Se levant\u00f3 el paro previsto para este lunes<\/p>\n","protected":false},"author":4,"featured_media":20521,"comment_status":"closed","ping_status":"closed","sticky":false,"template":"","format":"standard","meta":{"_jetpack_memberships_contains_paid_content":false,"footnotes":""},"categories":[5,1],"tags":[],"class_list":["post-21054","post","type-post","status-publish","format-standard","has-post-thumbnail","hentry","category-informacion-general","category-portada"],"jetpack_featured_media_url":"https:\/\/i0.wp.com\/cdnoticias.com\/wp-content\/uploads\/2021\/05\/camuzzi-03.jpg?fit=800%2C445&ssl=1","jetpack_sharing_enabled":true,"_links":{"self":[{"href":"https:\/\/cdnoticias.com\/index.php\/wp-json\/wp\/v2\/posts\/21054","targetHints":{"allow":["GET"]}}],"collection":[{"href":"https:\/\/cdnoticias.com\/index.php\/wp-json\/wp\/v2\/posts"}],"about":[{"href":"https:\/\/cdnoticias.com\/index.php\/wp-json\/wp\/v2\/types\/post"}],"author":[{"embeddable":true,"href":"https:\/\/cdnoticias.com\/index.php\/wp-json\/wp\/v2\/users\/4"}],"replies":[{"embeddable":true,"href":"https:\/\/cdnoticias.com\/index.php\/wp-json\/wp\/v2\/comments?post=21054"}],"version-history":[{"count":0,"href":"https:\/\/cdnoticias.com\/index.php\/wp-json\/wp\/v2\/posts\/21054\/revisions"}],"wp:featuredmedia":[{"embeddable":true,"href":"https:\/\/cdnoticias.com\/index.php\/wp-json\/wp\/v2\/media\/20521"}],"wp:attachment":[{"href":"https:\/\/cdnoticias.com\/index.php\/wp-json\/wp\/v2\/media?parent=21054"}],"wp:term":[{"taxonomy":"category","embeddable":true,"href":"https:\/\/cdnoticias.com\/index.php\/wp-json\/wp\/v2\/categories?post=21054"},{"taxonomy":"post_tag","embeddable":true,"href":"https:\/\/cdnoticias.com\/index.php\/wp-json\/wp\/v2\/tags?post=21054"}],"curies":[{"name":"wp","href":"https:\/\/api.w.org\/{rel}","templated":true}]}}