{"id":21043,"date":"2021-05-09T10:35:31","date_gmt":"2021-05-09T13:35:31","guid":{"rendered":"http:\/\/www.centraldenoticias.com.ar\/?p=21043"},"modified":"2021-05-09T10:35:31","modified_gmt":"2021-05-09T13:35:31","slug":"catalina-ligori-viuda-de-belauzaran-q-e-p-d","status":"publish","type":"post","link":"https:\/\/cdnoticias.com\/index.php\/2021\/05\/09\/catalina-ligori-viuda-de-belauzaran-q-e-p-d\/","title":{"rendered":"Catalina Ligori viuda de Belauzaran (Q.E.P.D.)"},"content":{"rendered":"<p>Falleci\u00f3 en Olavarr\u00eda el d\u00eda 9 de mayo de 2021 a los 100 a\u00f1os de edad. Sus hijos: Alfredo y Eugenia; sus nietos: Mauricio y Yanina Miranda, B\u00e1rbara Belauzaran; Olga Laborde, Mar\u00eda de los \u00c1ngeles Giles; Alfredo Miranda, Luis Mart\u00ednez y dem\u00e1s deudos participan su fallecimiento.<\/p>\n<p>Sin velatorio. Responso: en Cementerio a confirmar. Inhumaci\u00f3n: a confirmar.<\/p>\n<p>Barrio en el que viv\u00eda: CECO 1<\/p>\n<p>Lugar de nacimiento: Olavarr\u00eda<\/p>\n<p>Actividad que desarrollaba: Jubilada y Pensionada<\/p>\n","protected":false},"excerpt":{"rendered":"<p>Falleci\u00f3 en Olavarr\u00eda el d\u00eda 9 de mayo de 2021 a los 100 a\u00f1os de edad. Sus hijos: Alfredo y<\/p>\n","protected":false},"author":4,"featured_media":0,"comment_status":"closed","ping_status":"closed","sticky":false,"template":"","format":"standard","meta":{"_jetpack_memberships_contains_paid_content":false,"footnotes":""},"categories":[10],"tags":[],"class_list":["post-21043","post","type-post","status-publish","format-standard","hentry","category-necrologicas"],"jetpack_featured_media_url":"","jetpack_sharing_enabled":true,"_links":{"self":[{"href":"https:\/\/cdnoticias.com\/index.php\/wp-json\/wp\/v2\/posts\/21043","targetHints":{"allow":["GET"]}}],"collection":[{"href":"https:\/\/cdnoticias.com\/index.php\/wp-json\/wp\/v2\/posts"}],"about":[{"href":"https:\/\/cdnoticias.com\/index.php\/wp-json\/wp\/v2\/types\/post"}],"author":[{"embeddable":true,"href":"https:\/\/cdnoticias.com\/index.php\/wp-json\/wp\/v2\/users\/4"}],"replies":[{"embeddable":true,"href":"https:\/\/cdnoticias.com\/index.php\/wp-json\/wp\/v2\/comments?post=21043"}],"version-history":[{"count":0,"href":"https:\/\/cdnoticias.com\/index.php\/wp-json\/wp\/v2\/posts\/21043\/revisions"}],"wp:attachment":[{"href":"https:\/\/cdnoticias.com\/index.php\/wp-json\/wp\/v2\/media?parent=21043"}],"wp:term":[{"taxonomy":"category","embeddable":true,"href":"https:\/\/cdnoticias.com\/index.php\/wp-json\/wp\/v2\/categories?post=21043"},{"taxonomy":"post_tag","embeddable":true,"href":"https:\/\/cdnoticias.com\/index.php\/wp-json\/wp\/v2\/tags?post=21043"}],"curies":[{"name":"wp","href":"https:\/\/api.w.org\/{rel}","templated":true}]}}