{"id":21039,"date":"2021-05-09T10:32:32","date_gmt":"2021-05-09T13:32:32","guid":{"rendered":"http:\/\/www.centraldenoticias.com.ar\/?p=21039"},"modified":"2021-05-09T10:32:32","modified_gmt":"2021-05-09T13:32:32","slug":"ricardo-oscar-martinoia-q-e-p-d","status":"publish","type":"post","link":"https:\/\/cdnoticias.com\/index.php\/2021\/05\/09\/ricardo-oscar-martinoia-q-e-p-d\/","title":{"rendered":"Ricardo Oscar Martinoia (Q.E.P.D.)"},"content":{"rendered":"<p>Falleci\u00f3 en Olavarr\u00eda el d\u00eda 8 de mayo de 2021 a los 57 a\u00f1os de edad. Su mam\u00e1: Paula Mercedes Ragg. Su hermana: Lorena. Su cu\u00f1ado: Javier. Sus sobrinos, sobrinos pol\u00edticos, sobrina-nieta, t\u00edos, primos y dem\u00e1s deudos participan su fallecimiento.<\/p>\n<p>Velatorio: Sala \u201cB\u201d de Espa\u00f1a 2942, comienza el lunes a las 13 horas. Responso: Capilla Ardiente.<\/p>\n<p>Cremaci\u00f3n: Crematorio Pinos de Paz, lunes 10 de mayo a las 15 hs. Servicio adherido a Coopelectric.<\/p>\n<p>Barrio en el que viv\u00eda: CECO I.<\/p>\n<p>Lugar de nacimiento: Olavarr\u00eda.<\/p>\n","protected":false},"excerpt":{"rendered":"<p>Falleci\u00f3 en Olavarr\u00eda el d\u00eda 8 de mayo de 2021 a los 57 a\u00f1os de edad. Su mam\u00e1: Paula Mercedes<\/p>\n","protected":false},"author":4,"featured_media":0,"comment_status":"closed","ping_status":"closed","sticky":false,"template":"","format":"standard","meta":{"_jetpack_memberships_contains_paid_content":false,"footnotes":""},"categories":[10],"tags":[],"class_list":["post-21039","post","type-post","status-publish","format-standard","hentry","category-necrologicas"],"jetpack_featured_media_url":"","jetpack_sharing_enabled":true,"_links":{"self":[{"href":"https:\/\/cdnoticias.com\/index.php\/wp-json\/wp\/v2\/posts\/21039","targetHints":{"allow":["GET"]}}],"collection":[{"href":"https:\/\/cdnoticias.com\/index.php\/wp-json\/wp\/v2\/posts"}],"about":[{"href":"https:\/\/cdnoticias.com\/index.php\/wp-json\/wp\/v2\/types\/post"}],"author":[{"embeddable":true,"href":"https:\/\/cdnoticias.com\/index.php\/wp-json\/wp\/v2\/users\/4"}],"replies":[{"embeddable":true,"href":"https:\/\/cdnoticias.com\/index.php\/wp-json\/wp\/v2\/comments?post=21039"}],"version-history":[{"count":0,"href":"https:\/\/cdnoticias.com\/index.php\/wp-json\/wp\/v2\/posts\/21039\/revisions"}],"wp:attachment":[{"href":"https:\/\/cdnoticias.com\/index.php\/wp-json\/wp\/v2\/media?parent=21039"}],"wp:term":[{"taxonomy":"category","embeddable":true,"href":"https:\/\/cdnoticias.com\/index.php\/wp-json\/wp\/v2\/categories?post=21039"},{"taxonomy":"post_tag","embeddable":true,"href":"https:\/\/cdnoticias.com\/index.php\/wp-json\/wp\/v2\/tags?post=21039"}],"curies":[{"name":"wp","href":"https:\/\/api.w.org\/{rel}","templated":true}]}}