{"id":21034,"date":"2021-05-09T09:27:01","date_gmt":"2021-05-09T12:27:01","guid":{"rendered":"http:\/\/www.centraldenoticias.com.ar\/?p=21034"},"modified":"2021-05-09T09:27:01","modified_gmt":"2021-05-09T12:27:01","slug":"las-ferias-de-verduras-continuaran-durante-el-invierno","status":"publish","type":"post","link":"https:\/\/cdnoticias.com\/index.php\/2021\/05\/09\/las-ferias-de-verduras-continuaran-durante-el-invierno\/","title":{"rendered":"Las ferias de verduras continuar\u00e1n durante el invierno"},"content":{"rendered":"<div dir=\"auto\">MTE Rural y UTEP tendr\u00e1n este domingo una nueva &#8220;doble&#8221; edici\u00f3n desde las 9.30.<\/p>\n<hr \/>\n<\/div>\n<p><!--more--><\/p>\n<div dir=\"auto\"><strong>Las ferias de verduras que llevan adelante el MTE Rural y UTEP volver\u00e1n a realizarse este domingo<\/strong>: desde 9.30 se har\u00e1n en las Sociedades de Fomento Independencia (Tacuar\u00ed 2150) y en Villa Mail\u00edn (Corrientes y Pelegrino).<\/div>\n<div dir=\"auto\"><\/div>\n<div dir=\"auto\"><\/div>\n<div dir=\"auto\">En ambos casos, <strong>la atenci\u00f3n al p\u00fablico se mantendr\u00e1 hasta 13.30<\/strong>.<\/div>\n<div dir=\"auto\"><\/div>\n<div dir=\"auto\"><img data-recalc-dims=\"1\" loading=\"lazy\" decoding=\"async\" class=\"aligncenter wp-image-21037\" src=\"https:\/\/i0.wp.com\/cdnoticias.com\/wp-content\/uploads\/2021\/05\/feria-de-verduras-3.jpg?resize=400%2C400&#038;ssl=1\" alt=\"\" width=\"400\" height=\"400\" srcset=\"https:\/\/i0.wp.com\/cdnoticias.com\/wp-content\/uploads\/2021\/05\/feria-de-verduras-3.jpg?resize=1024%2C1024&amp;ssl=1 1024w, https:\/\/i0.wp.com\/cdnoticias.com\/wp-content\/uploads\/2021\/05\/feria-de-verduras-3.jpg?resize=150%2C150&amp;ssl=1 150w, https:\/\/i0.wp.com\/cdnoticias.com\/wp-content\/uploads\/2021\/05\/feria-de-verduras-3.jpg?resize=300%2C300&amp;ssl=1 300w, https:\/\/i0.wp.com\/cdnoticias.com\/wp-content\/uploads\/2021\/05\/feria-de-verduras-3.jpg?resize=768%2C768&amp;ssl=1 768w, https:\/\/i0.wp.com\/cdnoticias.com\/wp-content\/uploads\/2021\/05\/feria-de-verduras-3.jpg?w=1280&amp;ssl=1 1280w\" sizes=\"auto, (max-width: 400px) 100vw, 400px\" \/><\/div>\n<div dir=\"auto\"><\/div>\n<blockquote>\n<div dir=\"auto\">Paralelamente hubo un anuncio importante: &#8220;debido a la excelente respuesta de los vecinos de Olavarr\u00eda a las ferias, seguiremos durante los meses de invierno y sumamos algunas verduras m\u00e1s para que puedas encontrar todo en un solo lugar&#8221;.<\/div>\n<\/blockquote>\n<div dir=\"auto\"><\/div>\n<div dir=\"auto\"><\/div>\n<div dir=\"auto\">De la misma manera,<strong> se har\u00e1n los domingos en dos ubicaciones diferentes de 9.30 a 13.30<\/strong>. &#8220;La feria acerca a productores y consumidores de forma directa y se transforma en un espacio de intercambio entre el campo y la ciudad&#8221; defini\u00f3 MTE Rural.<\/div>\n<div dir=\"auto\"><\/div>\n<div dir=\"auto\"><img data-recalc-dims=\"1\" loading=\"lazy\" decoding=\"async\" class=\"aligncenter wp-image-21036\" src=\"https:\/\/i0.wp.com\/cdnoticias.com\/wp-content\/uploads\/2021\/05\/feriadeverduras01.jpg?resize=600%2C450&#038;ssl=1\" alt=\"\" width=\"600\" height=\"450\" srcset=\"https:\/\/i0.wp.com\/cdnoticias.com\/wp-content\/uploads\/2021\/05\/feriadeverduras01.jpg?w=800&amp;ssl=1 800w, https:\/\/i0.wp.com\/cdnoticias.com\/wp-content\/uploads\/2021\/05\/feriadeverduras01.jpg?resize=300%2C225&amp;ssl=1 300w, https:\/\/i0.wp.com\/cdnoticias.com\/wp-content\/uploads\/2021\/05\/feriadeverduras01.jpg?resize=768%2C576&amp;ssl=1 768w\" sizes=\"auto, (max-width: 600px) 100vw, 600px\" \/><\/div>\n<div dir=\"auto\"><\/div>\n<div dir=\"auto\">Para las ediciones de invierno, <strong>los organizadores invitaron a los vecinos para que &#8220;propongan lugares para realizar las ferias en sus barrios, sociedades de fomento, localidad&#8221;<\/strong> y, adem\u00e1s, agradecieron a las instituciones que actualmente brindan sus instalaciones para desarrollar los encuentros cada domingo.<\/div>\n","protected":false},"excerpt":{"rendered":"<p>MTE Rural y UTEP tendr\u00e1n este domingo una nueva &#8220;doble&#8221; edici\u00f3n desde las 9.30.<\/p>\n","protected":false},"author":4,"featured_media":21035,"comment_status":"closed","ping_status":"closed","sticky":false,"template":"","format":"standard","meta":{"_jetpack_memberships_contains_paid_content":false,"footnotes":""},"categories":[5,1],"tags":[],"class_list":["post-21034","post","type-post","status-publish","format-standard","has-post-thumbnail","hentry","category-informacion-general","category-portada"],"jetpack_featured_media_url":"https:\/\/i0.wp.com\/cdnoticias.com\/wp-content\/uploads\/2021\/05\/feriadeverduras00.jpg?fit=800%2C445&ssl=1","jetpack_sharing_enabled":true,"_links":{"self":[{"href":"https:\/\/cdnoticias.com\/index.php\/wp-json\/wp\/v2\/posts\/21034","targetHints":{"allow":["GET"]}}],"collection":[{"href":"https:\/\/cdnoticias.com\/index.php\/wp-json\/wp\/v2\/posts"}],"about":[{"href":"https:\/\/cdnoticias.com\/index.php\/wp-json\/wp\/v2\/types\/post"}],"author":[{"embeddable":true,"href":"https:\/\/cdnoticias.com\/index.php\/wp-json\/wp\/v2\/users\/4"}],"replies":[{"embeddable":true,"href":"https:\/\/cdnoticias.com\/index.php\/wp-json\/wp\/v2\/comments?post=21034"}],"version-history":[{"count":0,"href":"https:\/\/cdnoticias.com\/index.php\/wp-json\/wp\/v2\/posts\/21034\/revisions"}],"wp:featuredmedia":[{"embeddable":true,"href":"https:\/\/cdnoticias.com\/index.php\/wp-json\/wp\/v2\/media\/21035"}],"wp:attachment":[{"href":"https:\/\/cdnoticias.com\/index.php\/wp-json\/wp\/v2\/media?parent=21034"}],"wp:term":[{"taxonomy":"category","embeddable":true,"href":"https:\/\/cdnoticias.com\/index.php\/wp-json\/wp\/v2\/categories?post=21034"},{"taxonomy":"post_tag","embeddable":true,"href":"https:\/\/cdnoticias.com\/index.php\/wp-json\/wp\/v2\/tags?post=21034"}],"curies":[{"name":"wp","href":"https:\/\/api.w.org\/{rel}","templated":true}]}}