{"id":21025,"date":"2021-05-08T17:58:41","date_gmt":"2021-05-08T20:58:41","guid":{"rendered":"http:\/\/www.centraldenoticias.com.ar\/?p=21025"},"modified":"2021-05-08T19:30:49","modified_gmt":"2021-05-08T22:30:49","slug":"controles-en-el-ingreso-a-la-ciudad-detectaron-dos-personas-covid-positivos","status":"publish","type":"post","link":"https:\/\/cdnoticias.com\/index.php\/2021\/05\/08\/controles-en-el-ingreso-a-la-ciudad-detectaron-dos-personas-covid-positivos\/","title":{"rendered":"Controles en el ingreso a la ciudad: detectaron dos personas COVID positivos"},"content":{"rendered":"<p>Evaluaron 1.034 veh\u00edculos durante la jornada del s\u00e1bado, entrevistaron cerca de 1.500 personas, y de 8 hisopados realizados, 2 obtuvieron positivo.\u00a0<!--more--><\/p>\n<hr \/>\n<p>En el marco de la<a href=\"https:\/\/cdnoticias.com\/index.php\/2021\/05\/08\/controles-y-testeos-por-covid-en-el-acceso-a-olavarria\/\" target=\"_blank\" rel=\"noopener\"> jornada de controles y testeos en el acceso a Olavarr\u00eda por avenida Emiliozzi<\/a>, organizado por el Ministerio de Salud y de Seguridad de la Provincia, <strong>dos personas que ingresaban a la ciudad fueron detectadas con COVID positivo.<\/strong><\/p>\n<p>&nbsp;<\/p>\n<blockquote><p>Cabe se\u00f1alar que estos controles comenzaron a primera hora de este s\u00e1bado y finalizaron a las 16 horas. All\u00ed se evaluaron 1.034 veh\u00edculos y entrevistaron cerca de 1.500 personas.<\/p><\/blockquote>\n<p>&nbsp;<\/p>\n<p>En esa evaluaci\u00f3n se realizaron preguntas y tras detectar a personas con s\u00edntomas compatibles con coronavirus fueron hisopadas en el momento. <strong>Del total, realizaron 8 hisopados y 2 tuvieron resultado positivo.<\/strong><\/p>\n<p>&nbsp;<\/p>\n<blockquote class=\"twitter-tweet\">\n<p dir=\"ltr\" lang=\"es\">Llevamos adelante un operativo interministerial en el acceso a la ciudad <a href=\"https:\/\/twitter.com\/hashtag\/Olavarr%C3%ADa?src=hash&amp;ref_src=twsrc%5Etfw\">#Olavarr\u00eda<\/a> realizando controles y testeos. Los dispositivos, que contaron con el trabajo articulado entre <a href=\"https:\/\/twitter.com\/SaludBAP?ref_src=twsrc%5Etfw\">@SaludBAP<\/a> y el Ministerio de Seguridad, tuvieron como objetivo garantizar una circulaci\u00f3n segura. <a href=\"https:\/\/t.co\/RVp76jL2oI\">pic.twitter.com\/RVp76jL2oI<\/a><\/p>\n<p>\u2014 @RegSanIX (@regsanix) <a href=\"https:\/\/twitter.com\/regsanix\/status\/1391129922194784256?ref_src=twsrc%5Etfw\">May 8, 2021<\/a><\/p><\/blockquote>\n<p><script async src=\"https:\/\/platform.twitter.com\/widgets.js\" charset=\"utf-8\"><\/script><\/p>\n<p>&nbsp;<\/p>\n<p>Cabe se\u00f1alar que esta misma medida se llev\u00f3 adelante en distintos puntos del territorio bonaerense y en todos los casos es organizada por la administraci\u00f3n provincial con el objetivo de <strong><em>\u201cgarantizar una circulaci\u00f3n segura de las personas por toda la provincia de Buenos Aires\u201d.<\/em><\/strong><\/p>\n","protected":false},"excerpt":{"rendered":"<p>Evaluaron 1.034 veh\u00edculos durante la jornada del s\u00e1bado, entrevistaron cerca de 1.500 personas, y de 8 hisopados realizados, 2 obtuvieron<\/p>\n","protected":false},"author":2,"featured_media":21026,"comment_status":"closed","ping_status":"closed","sticky":false,"template":"","format":"standard","meta":{"_jetpack_memberships_contains_paid_content":false,"footnotes":""},"categories":[16,1],"tags":[],"class_list":["post-21025","post","type-post","status-publish","format-standard","has-post-thumbnail","hentry","category-covid-19","category-portada"],"jetpack_featured_media_url":"https:\/\/i0.wp.com\/cdnoticias.com\/wp-content\/uploads\/2021\/05\/E05Dt4CXsAQyyY1.jpg?fit=1232%2C816&ssl=1","jetpack_sharing_enabled":true,"_links":{"self":[{"href":"https:\/\/cdnoticias.com\/index.php\/wp-json\/wp\/v2\/posts\/21025","targetHints":{"allow":["GET"]}}],"collection":[{"href":"https:\/\/cdnoticias.com\/index.php\/wp-json\/wp\/v2\/posts"}],"about":[{"href":"https:\/\/cdnoticias.com\/index.php\/wp-json\/wp\/v2\/types\/post"}],"author":[{"embeddable":true,"href":"https:\/\/cdnoticias.com\/index.php\/wp-json\/wp\/v2\/users\/2"}],"replies":[{"embeddable":true,"href":"https:\/\/cdnoticias.com\/index.php\/wp-json\/wp\/v2\/comments?post=21025"}],"version-history":[{"count":0,"href":"https:\/\/cdnoticias.com\/index.php\/wp-json\/wp\/v2\/posts\/21025\/revisions"}],"wp:featuredmedia":[{"embeddable":true,"href":"https:\/\/cdnoticias.com\/index.php\/wp-json\/wp\/v2\/media\/21026"}],"wp:attachment":[{"href":"https:\/\/cdnoticias.com\/index.php\/wp-json\/wp\/v2\/media?parent=21025"}],"wp:term":[{"taxonomy":"category","embeddable":true,"href":"https:\/\/cdnoticias.com\/index.php\/wp-json\/wp\/v2\/categories?post=21025"},{"taxonomy":"post_tag","embeddable":true,"href":"https:\/\/cdnoticias.com\/index.php\/wp-json\/wp\/v2\/tags?post=21025"}],"curies":[{"name":"wp","href":"https:\/\/api.w.org\/{rel}","templated":true}]}}