{"id":21004,"date":"2021-05-08T15:06:07","date_gmt":"2021-05-08T18:06:07","guid":{"rendered":"http:\/\/www.centraldenoticias.com.ar\/?p=21004"},"modified":"2021-05-08T15:06:07","modified_gmt":"2021-05-08T18:06:07","slug":"desde-el-lunes-moratoria-para-pymes-y-empresas-agentes-de-recaudacion","status":"publish","type":"post","link":"https:\/\/cdnoticias.com\/index.php\/2021\/05\/08\/desde-el-lunes-moratoria-para-pymes-y-empresas-agentes-de-recaudacion\/","title":{"rendered":"Desde el lunes moratoria para pymes y empresas agentes de recaudaci\u00f3n"},"content":{"rendered":"<p>Cristian Girard puntualiz\u00f3 que \u201cel beneficio principal de este plan es la condonaci\u00f3n de recargos y multas\u201d.<br \/>\n<!--more--><\/p>\n<hr \/>\n<p><strong>Desde el 10 de mayo y hasta el 7 de noviembre estar\u00e1 vigente en la provincia de Buenos Aires la moratoria impositiva destinada a pymes y otras empresas que poseen deudas derivadas de su actuaci\u00f3n como agentes de recaudaci\u00f3n<\/strong>.<\/p>\n<p>&nbsp;<\/p>\n<p>La normativa, que <strong>fue publicada este viernes en el Bolet\u00edn Oficial bonaerense<\/strong>, establece que el plan de regularizaci\u00f3n abarcar\u00e1<strong> deudas provenientes de retenciones y percepciones no efectuadas, no ingresadas o ingresadas fuera de t\u00e9rmino<\/strong>, con relaci\u00f3n a Ingresos Brutos y Sellos, vencidas al 31 de diciembre de 2020, tanto en instancia judicial como prejudicial.<\/p>\n<p>&nbsp;<\/p>\n<blockquote><p>Cristian Girard, director de la Agencia de Recaudaci\u00f3n de la provincia de Buenos Aires, asegur\u00f3 que \u201cse trata de una medida extraordinaria adoptada en un contexto extraordinario, que permitir\u00e1 a las empresas que adhieran regularizar deudas impositivas, levantar embargos y volver a tener la posibilidad de obtener cr\u00e9ditos\u201d.<\/p><\/blockquote>\n<p>&nbsp;<\/p>\n<p>Adem\u00e1s, destac\u00f3 que la moratoria \u201cforma parte del programa de recuperaci\u00f3n productiva que puso en marcha el gobernador Axel Kicillof para<strong> reactivar la econom\u00eda, generar empleo y mejorar los ingresos populares<\/strong>\u201d.<\/p>\n<p>&nbsp;<\/p>\n<blockquote class=\"twitter-tweet\">\n<p dir=\"ltr\" lang=\"es\">Desde el pr\u00f3ximo lunes 10\/5 estar\u00e1 vigente en PBA la moratoria impositiva destinada a empresas que poseen deudas derivadas de su actuaci\u00f3n como agentes de recaudaci\u00f3n. Es parte del programa de recuperaci\u00f3n productiva que puso en marcha <a href=\"https:\/\/twitter.com\/Kicillofok?ref_src=twsrc%5Etfw\">@Kicillofok<\/a> para reactivar la econom\u00eda. <a href=\"https:\/\/t.co\/lQrIjrzzUK\">pic.twitter.com\/lQrIjrzzUK<\/a><\/p>\n<p>\u2014 Cristian Girard (@cristiangirard) <a href=\"https:\/\/twitter.com\/cristiangirard\/status\/1390630481566314502?ref_src=twsrc%5Etfw\">May 7, 2021<\/a><\/p><\/blockquote>\n<p><script async src=\"https:\/\/platform.twitter.com\/widgets.js\" charset=\"utf-8\"><\/script><\/p>\n<p>En ese sentido, Girard puntualiz\u00f3 que<strong> \u201cel beneficio principal de este plan es la condonaci\u00f3n de recargos y multas\u201d<\/strong>, y explic\u00f3 que \u201cesa quita estar\u00e1 segmentada seg\u00fan el tama\u00f1o del contribuyente, favoreciendo a pymes y microempresas, y ser\u00e1 mayor para quienes adhieran r\u00e1pidamente a la moratoria\u201d.<\/p>\n<p>&nbsp;<\/p>\n<p>De hecho, si el acogimiento se realiza en la <strong>primera etapa del programa<\/strong>, entre el 10 de mayo y el 4 de julio pr\u00f3ximo, la condonaci\u00f3n de recargos y multas para microempresas ser\u00e1 de 90%; para las peque\u00f1as, 80%; medianas, 70%; en tanto que para el resto ser\u00e1 de 10%.<\/p>\n<p>&nbsp;<\/p>\n<p>Con el correr de los meses <strong>el porcentaje de quita ir\u00e1 decreciendo<\/strong>, dado que los beneficios del plan buscan incentivar a las empresas para que regularicen su situaci\u00f3n con mayor premura.<\/p>\n<p><img data-recalc-dims=\"1\" loading=\"lazy\" decoding=\"async\" class=\"aligncenter wp-image-534\" src=\"https:\/\/i0.wp.com\/cdnoticias.com\/wp-content\/uploads\/2020\/09\/ARBA-1024x663.jpg?resize=500%2C324&#038;ssl=1\" alt=\"\" width=\"500\" height=\"324\" srcset=\"https:\/\/i0.wp.com\/cdnoticias.com\/wp-content\/uploads\/2020\/09\/ARBA.jpg?resize=1024%2C663&amp;ssl=1 1024w, https:\/\/i0.wp.com\/cdnoticias.com\/wp-content\/uploads\/2020\/09\/ARBA.jpg?resize=300%2C194&amp;ssl=1 300w, https:\/\/i0.wp.com\/cdnoticias.com\/wp-content\/uploads\/2020\/09\/ARBA.jpg?resize=768%2C497&amp;ssl=1 768w, https:\/\/i0.wp.com\/cdnoticias.com\/wp-content\/uploads\/2020\/09\/ARBA.jpg?w=1600&amp;ssl=1 1600w, https:\/\/i0.wp.com\/cdnoticias.com\/wp-content\/uploads\/2020\/09\/ARBA.jpg?w=2400&amp;ssl=1 2400w\" sizes=\"auto, (max-width: 500px) 100vw, 500px\" \/><\/p>\n<p>&nbsp;<\/p>\n<p>El programa prev\u00e9, dependiendo en cada caso del tama\u00f1o de la empresa y el tipo de deuda, la posibilidad de <strong>financiaci\u00f3n en hasta 48 cuotas<\/strong>. En los plazos largos con el pago de un anticipo y, en los m\u00e1s cortos, sin necesidad de ello.<\/p>\n<p>&nbsp;<\/p>\n<p>Los agentes de recaudaci\u00f3n tambi\u00e9n podr\u00e1n regularizar deudas correspondientes a intereses, recargos y multas, as\u00ed como las que provengan de reg\u00edmenes anteriores que se encuentren caducos al 31 de diciembre de 2020, relacionadas con retenciones y percepciones no efectuadas o no ingresadas de Ingresos Brutos y Sellos.<\/p>\n<p>&nbsp;<\/p>\n<p>Para realizar directamente el acogimiento, acceder a los detalles del programa de regularizaci\u00f3n o requerir mayor informaci\u00f3n, quienes sean responsables, apoderados o apoderadas de las empresas deber\u00e1n ingresar a <em>www.arba.gob.ar<\/em>. En la web del organismo dispondr\u00e1n de una aplicaci\u00f3n para tramitar las adhesiones.<\/p>\n<p>&nbsp;<\/p>\n<p>Fuente: <em>Prensa ARBA<\/em><\/p>\n","protected":false},"excerpt":{"rendered":"<p>Cristian Girard puntualiz\u00f3 que \u201cel beneficio principal de este plan es la condonaci\u00f3n de recargos y multas\u201d.<\/p>\n","protected":false},"author":4,"featured_media":21005,"comment_status":"closed","ping_status":"closed","sticky":false,"template":"","format":"standard","meta":{"_jetpack_memberships_contains_paid_content":false,"footnotes":""},"categories":[6],"tags":[],"class_list":["post-21004","post","type-post","status-publish","format-standard","has-post-thumbnail","hentry","category-nacionales"],"jetpack_featured_media_url":"https:\/\/i0.wp.com\/cdnoticias.com\/wp-content\/uploads\/2021\/05\/ARBA-Girard_pyme_ok.jpg?fit=1731%2C1155&ssl=1","jetpack_sharing_enabled":true,"_links":{"self":[{"href":"https:\/\/cdnoticias.com\/index.php\/wp-json\/wp\/v2\/posts\/21004","targetHints":{"allow":["GET"]}}],"collection":[{"href":"https:\/\/cdnoticias.com\/index.php\/wp-json\/wp\/v2\/posts"}],"about":[{"href":"https:\/\/cdnoticias.com\/index.php\/wp-json\/wp\/v2\/types\/post"}],"author":[{"embeddable":true,"href":"https:\/\/cdnoticias.com\/index.php\/wp-json\/wp\/v2\/users\/4"}],"replies":[{"embeddable":true,"href":"https:\/\/cdnoticias.com\/index.php\/wp-json\/wp\/v2\/comments?post=21004"}],"version-history":[{"count":0,"href":"https:\/\/cdnoticias.com\/index.php\/wp-json\/wp\/v2\/posts\/21004\/revisions"}],"wp:featuredmedia":[{"embeddable":true,"href":"https:\/\/cdnoticias.com\/index.php\/wp-json\/wp\/v2\/media\/21005"}],"wp:attachment":[{"href":"https:\/\/cdnoticias.com\/index.php\/wp-json\/wp\/v2\/media?parent=21004"}],"wp:term":[{"taxonomy":"category","embeddable":true,"href":"https:\/\/cdnoticias.com\/index.php\/wp-json\/wp\/v2\/categories?post=21004"},{"taxonomy":"post_tag","embeddable":true,"href":"https:\/\/cdnoticias.com\/index.php\/wp-json\/wp\/v2\/tags?post=21004"}],"curies":[{"name":"wp","href":"https:\/\/api.w.org\/{rel}","templated":true}]}}