{"id":20989,"date":"2021-05-08T13:33:18","date_gmt":"2021-05-08T16:33:18","guid":{"rendered":"http:\/\/www.centraldenoticias.com.ar\/?p=20989"},"modified":"2021-05-08T17:00:45","modified_gmt":"2021-05-08T20:00:45","slug":"los-gimnasios-anunciaron-su-regreso-el-lunes","status":"publish","type":"post","link":"https:\/\/cdnoticias.com\/index.php\/2021\/05\/08\/los-gimnasios-anunciaron-su-regreso-el-lunes\/","title":{"rendered":"Los gimnasios anunciaron su regreso el lunes"},"content":{"rendered":"<p>Ser\u00e1 el retorno a la actividad tras una semana de suspensi\u00f3n en el marco de la fase 3. Acafso destac\u00f3 sus gestiones con el Intendente y el Comit\u00e9 de Crisis.<!--more--><\/p>\n<hr \/>\n<p><strong>Los gimnasios retornar\u00e1n a la actividad el lunes pr\u00f3ximo<\/strong>, tras una semana de suspensi\u00f3n con las <a href=\"https:\/\/cdnoticias.com\/index.php\/2021\/05\/03\/cuales-son-las-modificaciones-en-la-fase-3-de-provincia\/\" target=\"_blank\" rel=\"noopener\">redefiniciones de la Provincia por la fase 3<\/a> y la <a href=\"https:\/\/cdnoticias.com\/index.php\/2021\/05\/03\/por-la-alta-ocupacion-hospitalaria-restringiran-la-circulacion-desde-las-20-horas\/\" target=\"_blank\" rel=\"noopener\">adhesi\u00f3n municipal<\/a>.<\/p>\n<p>&nbsp;<\/p>\n<p>El sector se moviliz\u00f3 y <a href=\"https:\/\/cdnoticias.com\/index.php\/2021\/05\/04\/gimnasios-nos-encontramos-con-una-sorpresa-obviamente-tenemos-disconformidad\/\" target=\"_blank\" rel=\"noopener\">manifest\u00f3 su rechazo inmediatamente<\/a>, y<strong> este s\u00e1bado diversos titulares de espacios de entrenamiento y otras actividades similares notificaron de la reapertura este lunes con un tope de horario hasta las 20 horas<\/strong>.<\/p>\n<p><img data-recalc-dims=\"1\" loading=\"lazy\" decoding=\"async\" class=\"alignnone size-large wp-image-20812\" src=\"https:\/\/i0.wp.com\/cdnoticias.com\/wp-content\/uploads\/2021\/05\/reunion-gimnasios2.jpg?resize=800%2C534&#038;ssl=1\" alt=\"\" width=\"800\" height=\"534\" srcset=\"https:\/\/i0.wp.com\/cdnoticias.com\/wp-content\/uploads\/2021\/05\/reunion-gimnasios2.jpg?resize=1024%2C683&amp;ssl=1 1024w, https:\/\/i0.wp.com\/cdnoticias.com\/wp-content\/uploads\/2021\/05\/reunion-gimnasios2.jpg?resize=300%2C200&amp;ssl=1 300w, https:\/\/i0.wp.com\/cdnoticias.com\/wp-content\/uploads\/2021\/05\/reunion-gimnasios2.jpg?resize=768%2C512&amp;ssl=1 768w, https:\/\/i0.wp.com\/cdnoticias.com\/wp-content\/uploads\/2021\/05\/reunion-gimnasios2.jpg?resize=272%2C182&amp;ssl=1 272w, https:\/\/i0.wp.com\/cdnoticias.com\/wp-content\/uploads\/2021\/05\/reunion-gimnasios2.jpg?w=1152&amp;ssl=1 1152w\" sizes=\"auto, (max-width: 800px) 100vw, 800px\" \/><\/p>\n<p>&nbsp;<\/p>\n<blockquote><p>En un comunicado, se destac\u00f3 el trabajo entre Acafso, el Intendente y el Comit\u00e9 de Crisis, y &#8220;a partir del d\u00eda lunes 10 volvemos a abrir nuestras puertas con restricci\u00f3n horaria hasta las 20 horas\u201d.<\/p><\/blockquote>\n<p>&nbsp;<\/p>\n<p>Tuvieron en cuenta la importancia de<strong> la continuidad de \u201clos protocolos y medidas de bioseguridad\u201d<\/strong>.<\/p>\n<p><img data-recalc-dims=\"1\" loading=\"lazy\" decoding=\"async\" class=\"alignnone size-large wp-image-20811\" src=\"https:\/\/i0.wp.com\/cdnoticias.com\/wp-content\/uploads\/2021\/05\/reunion-gimnasios1.jpg?resize=800%2C534&#038;ssl=1\" alt=\"\" width=\"800\" height=\"534\" srcset=\"https:\/\/i0.wp.com\/cdnoticias.com\/wp-content\/uploads\/2021\/05\/reunion-gimnasios1.jpg?resize=1024%2C683&amp;ssl=1 1024w, https:\/\/i0.wp.com\/cdnoticias.com\/wp-content\/uploads\/2021\/05\/reunion-gimnasios1.jpg?resize=300%2C200&amp;ssl=1 300w, https:\/\/i0.wp.com\/cdnoticias.com\/wp-content\/uploads\/2021\/05\/reunion-gimnasios1.jpg?resize=768%2C512&amp;ssl=1 768w, https:\/\/i0.wp.com\/cdnoticias.com\/wp-content\/uploads\/2021\/05\/reunion-gimnasios1.jpg?resize=272%2C182&amp;ssl=1 272w, https:\/\/i0.wp.com\/cdnoticias.com\/wp-content\/uploads\/2021\/05\/reunion-gimnasios1.jpg?w=1152&amp;ssl=1 1152w\" sizes=\"auto, (max-width: 800px) 100vw, 800px\" \/><\/p>\n<p>Cabe recordar que el jueves, <a href=\"https:\/\/cdnoticias.com\/index.php\/2021\/05\/06\/gimnasios-el-municipio-se-comprometio-a-buscar-alternativas-para-reabrir-lo-mas-pronto-posible\/\" target=\"_blank\" rel=\"noopener\">tras la reuni\u00f3n con autoridades municipales<\/a>, uno de los integrantes de Acafso manifest\u00f3 en una entrevista con<strong> Central de Noticias<\/strong> que los propietarios y trabajadores de los gimnasios <em>deber\u00edan \u201cesperar para ver c\u00f3mo viene la semana epidemiol\u00f3gica, los n\u00fameros vienen acompa\u00f1ando\u201d.<\/em><\/p>\n<p>&nbsp;<\/p>\n<p><a href=\"https:\/\/cdnoticias.com\/index.php\/2021\/05\/06\/gimnasios-estamos-supeditados-a-como-siga-la-situacion-sanitaria\/\" target=\"_blank\" rel=\"noopener\">Enzo Jarrie<\/a>\u00a0confirm\u00f3 que si los n\u00fameros eran favorables, sumado a \u201cla buena voluntad de las dos partes tenemos confianza que puede ser antes tambi\u00e9n. <strong>Pero vamos a respetar lo que se decida, la prioridad es la cuesti\u00f3n sanitaria<\/strong>\u201d.<\/p>\n","protected":false},"excerpt":{"rendered":"<p>Ser\u00e1 el retorno a la actividad tras una semana de suspensi\u00f3n en el marco de la fase 3. Acafso destac\u00f3<\/p>\n","protected":false},"author":4,"featured_media":20820,"comment_status":"closed","ping_status":"closed","sticky":false,"template":"","format":"standard","meta":{"_jetpack_memberships_contains_paid_content":false,"footnotes":""},"categories":[5,1],"tags":[],"class_list":["post-20989","post","type-post","status-publish","format-standard","has-post-thumbnail","hentry","category-informacion-general","category-portada"],"jetpack_featured_media_url":"https:\/\/i0.wp.com\/cdnoticias.com\/wp-content\/uploads\/2021\/05\/gim.jpg?fit=1800%2C1200&ssl=1","jetpack_sharing_enabled":true,"_links":{"self":[{"href":"https:\/\/cdnoticias.com\/index.php\/wp-json\/wp\/v2\/posts\/20989","targetHints":{"allow":["GET"]}}],"collection":[{"href":"https:\/\/cdnoticias.com\/index.php\/wp-json\/wp\/v2\/posts"}],"about":[{"href":"https:\/\/cdnoticias.com\/index.php\/wp-json\/wp\/v2\/types\/post"}],"author":[{"embeddable":true,"href":"https:\/\/cdnoticias.com\/index.php\/wp-json\/wp\/v2\/users\/4"}],"replies":[{"embeddable":true,"href":"https:\/\/cdnoticias.com\/index.php\/wp-json\/wp\/v2\/comments?post=20989"}],"version-history":[{"count":0,"href":"https:\/\/cdnoticias.com\/index.php\/wp-json\/wp\/v2\/posts\/20989\/revisions"}],"wp:featuredmedia":[{"embeddable":true,"href":"https:\/\/cdnoticias.com\/index.php\/wp-json\/wp\/v2\/media\/20820"}],"wp:attachment":[{"href":"https:\/\/cdnoticias.com\/index.php\/wp-json\/wp\/v2\/media?parent=20989"}],"wp:term":[{"taxonomy":"category","embeddable":true,"href":"https:\/\/cdnoticias.com\/index.php\/wp-json\/wp\/v2\/categories?post=20989"},{"taxonomy":"post_tag","embeddable":true,"href":"https:\/\/cdnoticias.com\/index.php\/wp-json\/wp\/v2\/tags?post=20989"}],"curies":[{"name":"wp","href":"https:\/\/api.w.org\/{rel}","templated":true}]}}