{"id":209134,"date":"2026-07-20T12:06:01","date_gmt":"2026-07-20T15:06:01","guid":{"rendered":"https:\/\/cdnoticias.com\/?p=209134"},"modified":"2026-07-20T15:30:59","modified_gmt":"2026-07-20T18:30:59","slug":"el-consejo-municipal-de-discapacidad-realizo-un-nuevo-encuentro-de-trabajo","status":"publish","type":"post","link":"https:\/\/cdnoticias.com\/index.php\/2026\/07\/20\/el-consejo-municipal-de-discapacidad-realizo-un-nuevo-encuentro-de-trabajo\/","title":{"rendered":"El Consejo Municipal de Discapacidad realiz\u00f3 un nuevo encuentro de trabajo"},"content":{"rendered":"\n<p>Durante la reuni\u00f3n se present\u00f3 un recursero accesible, se defini\u00f3 la identidad visual del organismo y se avanz\u00f3 en la planificaci\u00f3n de actividades.<\/p>\n\n\n\n<hr class=\"wp-block-separator has-alpha-channel-opacity\"\/>\n\n\n\n<p>El <strong>Consejo Municipal de Discapacidad <\/strong>llev\u00f3 adelante d\u00edas atr\u00e1s un nuevo encuentro en el Centro Cultural &#8220;San Jos\u00e9&#8221;, en el marco de las acciones de <strong>participaci\u00f3n y articulaci\u00f3n que impulsa para fortalecer el trabajo conjunto en materia de inclusi\u00f3n y promoci\u00f3n de derechos.<\/strong><\/p>\n\n\n\n<p><\/p>\n\n\n\n<p>Durante la jornada <strong>se present\u00f3 el recursero de discapacidad<\/strong>, una herramienta dise\u00f1ada y elaborada en articulaci\u00f3n con distintas \u00e1reas municipales y personas con discapacidad visual, con el objetivo de garantizar su accesibilidad.<\/p>\n\n\n\n<p><\/p>\n\n\n\n<p>Adem\u00e1s, <strong>se defini\u00f3 el logo que representar\u00e1 al Consejo y que acompa\u00f1ar\u00e1 sus comunicaciones institucionales.<\/strong><\/p>\n\n\n\n<p><\/p>\n\n\n\n<p>En relaci\u00f3n con las efem\u00e9rides vinculadas a la discapacidad,<strong> la Asociaci\u00f3n Civil Familias TDAH Olavarr\u00eda invit\u00f3 a las instituciones y organizaciones que integran el Consejo a participar de la jornada por el D\u00eda Nacional del TDAH y del acto por el cuarto aniversario de la entidad. <\/strong>La actividad se realizar\u00e1 e<strong>l s\u00e1bado 1\u00ba de agosto en el Centro Deportivo y Recreativo Municipal &#8220;Diego A. Maradona&#8221;<\/strong>, en articulaci\u00f3n con la Direcci\u00f3n de Discapacidad.<\/p>\n\n\n\n<p><\/p>\n\n\n\n<p>Asimismo, <strong>durante la reuni\u00f3n se acord\u00f3 avanzar en acciones conjuntas para visibilizar el D\u00eda de la Educaci\u00f3n Especial <\/strong>y se estableci\u00f3 que el pr\u00f3ximo encuentro del Consejo se realizar\u00e1 una vez finalizado el receso escolar.<\/p>\n\n\n\n<p><\/p>\n\n\n\n<p>En representaci\u00f3n del Municipio <strong>participaron el subsecretario de Desarrollo Social, Leonardo Yunger, y la directora de Discapacidad, Laura Arbillaga.<\/strong><\/p>\n\n\n\n<p><\/p>\n\n\n\n<p>Desde el Consejo Municipal de Discapacidad se\u00f1alaron que se contin\u00faa fortaleciendo el trabajo colectivo entre instituciones, organismos y comunidad con el objetivo de promover una ciudad m\u00e1s inclusiva y accesible para todas las personas.<\/p>\n\n\n\n<p><\/p>\n","protected":false},"excerpt":{"rendered":"<p>Durante la reuni\u00f3n se present\u00f3 un recursero accesible, se defini\u00f3 la identidad visual del organismo y se avanz\u00f3 en la<\/p>\n","protected":false},"author":5,"featured_media":209135,"comment_status":"closed","ping_status":"closed","sticky":false,"template":"","format":"standard","meta":{"_jetpack_memberships_contains_paid_content":false,"footnotes":""},"categories":[5,1],"tags":[],"class_list":["post-209134","post","type-post","status-publish","format-standard","has-post-thumbnail","hentry","category-informacion-general","category-portada"],"jetpack_featured_media_url":"https:\/\/i0.wp.com\/cdnoticias.com\/wp-content\/uploads\/2026\/07\/consejo-discapacidad-reunion.jpg?fit=800%2C445&ssl=1","jetpack_sharing_enabled":true,"_links":{"self":[{"href":"https:\/\/cdnoticias.com\/index.php\/wp-json\/wp\/v2\/posts\/209134","targetHints":{"allow":["GET"]}}],"collection":[{"href":"https:\/\/cdnoticias.com\/index.php\/wp-json\/wp\/v2\/posts"}],"about":[{"href":"https:\/\/cdnoticias.com\/index.php\/wp-json\/wp\/v2\/types\/post"}],"author":[{"embeddable":true,"href":"https:\/\/cdnoticias.com\/index.php\/wp-json\/wp\/v2\/users\/5"}],"replies":[{"embeddable":true,"href":"https:\/\/cdnoticias.com\/index.php\/wp-json\/wp\/v2\/comments?post=209134"}],"version-history":[{"count":0,"href":"https:\/\/cdnoticias.com\/index.php\/wp-json\/wp\/v2\/posts\/209134\/revisions"}],"wp:featuredmedia":[{"embeddable":true,"href":"https:\/\/cdnoticias.com\/index.php\/wp-json\/wp\/v2\/media\/209135"}],"wp:attachment":[{"href":"https:\/\/cdnoticias.com\/index.php\/wp-json\/wp\/v2\/media?parent=209134"}],"wp:term":[{"taxonomy":"category","embeddable":true,"href":"https:\/\/cdnoticias.com\/index.php\/wp-json\/wp\/v2\/categories?post=209134"},{"taxonomy":"post_tag","embeddable":true,"href":"https:\/\/cdnoticias.com\/index.php\/wp-json\/wp\/v2\/tags?post=209134"}],"curies":[{"name":"wp","href":"https:\/\/api.w.org\/{rel}","templated":true}]}}